{"id":8437,"date":"2021-07-21T16:28:03","date_gmt":"2021-07-21T15:28:03","guid":{"rendered":"https:\/\/iglesia-en-villar.es\/blog\/?p=8437"},"modified":"2021-07-21T16:28:05","modified_gmt":"2021-07-21T15:28:05","slug":"rincon-carmelitano-82","status":"publish","type":"post","link":"https:\/\/iglesia-en-villar.es\/blog\/2021\/07\/21\/rincon-carmelitano-82\/","title":{"rendered":"Rinc\u00f3n Carmelitano"},"content":{"rendered":"\n<p><strong>DESPU\u00c9S DE LA FIESTA<\/strong><\/p>\n\n\n\n<p>Cuando escribimos esto, nos preparamos para la \ufb01esta de la Virgen del Carmen, que ya habr\u00e1 pasado cuando lo le\u00e1is. Pero como ayer ya tuvimos el primer d\u00eda del triduo, os queremos agradecer vuestra participaci\u00f3n. En ella se demuestra la devoci\u00f3n a la Virgen y tambi\u00e9n la cercan\u00eda a nosotras, al menos, eso percibimos. Gracias. Esperamos que como pidi\u00f3 D. Enrique, la participaci\u00f3n siga creciendo.<\/p>\n\n\n\n<p>Os recordamos las tres cosas que el padre Vicente mostr\u00f3 en Santa Teresa como vivencia del amor a la Virgen: la invocaci\u00f3n, pidi\u00e9ndole que fuera su Madre ante su prematura orfandad y viviendo a todo lo largo de su vida una relaci\u00f3n filial y muy cercana con Ella. La devoci\u00f3n a sus im\u00e1genes, como demuestra cuando coloc\u00f3 en el sill\u00f3n prioral una imagen de la Virgen dici\u00e9ndoles a las monjas que Ella ser\u00eda realmente la priora; con este gesto se empez\u00f3 a ganar a las hermanas que la rechazaban a ella como tal, y Mar\u00eda cumpli\u00f3 maravillosamente el encargo, claro. La tercera nota es el rezo de oraciones marianas como la Salve y el Rosario. Son tres aspectos al alcance de todos, que concretan nuestra actitud filial con nuestra Madre, la alimentan y la van arraigando.<\/p>\n\n\n\n<p>La Virgen es la Madre de todos, cierto, pero \u00a1uno a uno!, no somos para Ella una masa, sino que cada uno somos \u00fanicos; por eso nuestra manera de relacionarnos con Mar\u00eda, es tambi\u00e9n \u00fanica. Por ejemplo, a Santa Teresa le ayudaba el rezo del Rosario, sin embargo a Santa Teresita, pues no, prefer\u00eda hablar con la Virgen sin oraciones hechas, llegando a escribir en la Historia de un alma, que le resultaba una verdadera penitencia el Rosario, lo cual se apresur\u00f3 a quitar su hermana cuando se public\u00f3 por considerarlo poco edi\ufb01cante. Sin embargo eso demuestra, m\u00e1s bien, que la Virgen es la Madre que no desea sino nuestro amor expresado de manera personal. Que cada uno descubra el modo en el que el Esp\u00edritu Santo le sugiere para vivir con gozo y libertad interior el amor a la Madre.<\/p>\n\n\n\n<p><strong>Hermanas Carmelitas<\/strong><\/p>\n","protected":false},"excerpt":{"rendered":"<p>DESPU\u00c9S DE LA FIESTA Cuando escribimos esto, nos preparamos para la \ufb01esta de la Virgen del Carmen, que ya habr\u00e1 pasado cuando lo le\u00e1is. Pero como ayer ya tuvimos el primer d\u00eda del triduo, os queremos agradecer vuestra participaci\u00f3n. En ella se demuestra la devoci\u00f3n a la Virgen y tambi\u00e9n la cercan\u00eda a nosotras, al menos, eso percibimos. Gracias. Esperamos&#8230;<\/p>\n<p> <a class=\"continue-reading-link\" href=\"https:\/\/iglesia-en-villar.es\/blog\/2021\/07\/21\/rincon-carmelitano-82\/\"><span>Leer m\u00e1s<\/span><i class=\"crycon-right-dir\"><\/i><\/a> <\/p>\n","protected":false},"author":53745,"featured_media":8441,"comment_status":"open","ping_status":"open","sticky":false,"template":"","format":"standard","meta":{"inline_featured_image":false,"footnotes":""},"categories":[5],"tags":[],"class_list":["post-8437","post","type-post","status-publish","format-standard","has-post-thumbnail","hentry","category-monasterio"],"better_featured_image":{"id":8441,"alt_text":"","caption":"","description":"","media_type":"image","media_details":{"width":206,"height":208,"file":"2021\/07\/virgendelcarmen.png","sizes":{"thumbnail":{"file":"virgendelcarmen-150x150.png","width":150,"height":150,"mime-type":"image\/png","source_url":"https:\/\/iglesia-en-villar.es\/blog\/wp-content\/uploads\/2021\/07\/virgendelcarmen-150x150.png"},"post-thumbnail":{"file":"virgendelcarmen-150x150.png","width":150,"height":150,"mime-type":"image\/png","source_url":"https:\/\/iglesia-en-villar.es\/blog\/wp-content\/uploads\/2021\/07\/virgendelcarmen-150x150.png"}},"image_meta":{"aperture":"0","credit":"","camera":"","caption":"","created_timestamp":"0","copyright":"","focal_length":"0","iso":"0","shutter_speed":"0","title":"","orientation":"0","keywords":[]}},"post":null,"source_url":"https:\/\/iglesia-en-villar.es\/blog\/wp-content\/uploads\/2021\/07\/virgendelcarmen.png"},"read":true,"_links":{"self":[{"href":"https:\/\/iglesia-en-villar.es\/blog\/wp-json\/wp\/v2\/posts\/8437","targetHints":{"allow":["GET"]}}],"collection":[{"href":"https:\/\/iglesia-en-villar.es\/blog\/wp-json\/wp\/v2\/posts"}],"about":[{"href":"https:\/\/iglesia-en-villar.es\/blog\/wp-json\/wp\/v2\/types\/post"}],"author":[{"embeddable":true,"href":"https:\/\/iglesia-en-villar.es\/blog\/wp-json\/wp\/v2\/users\/53745"}],"replies":[{"embeddable":true,"href":"https:\/\/iglesia-en-villar.es\/blog\/wp-json\/wp\/v2\/comments?post=8437"}],"version-history":[{"count":1,"href":"https:\/\/iglesia-en-villar.es\/blog\/wp-json\/wp\/v2\/posts\/8437\/revisions"}],"predecessor-version":[{"id":8438,"href":"https:\/\/iglesia-en-villar.es\/blog\/wp-json\/wp\/v2\/posts\/8437\/revisions\/8438"}],"wp:featuredmedia":[{"embeddable":true,"href":"https:\/\/iglesia-en-villar.es\/blog\/wp-json\/wp\/v2\/media\/8441"}],"wp:attachment":[{"href":"https:\/\/iglesia-en-villar.es\/blog\/wp-json\/wp\/v2\/media?parent=8437"}],"wp:term":[{"taxonomy":"category","embeddable":true,"href":"https:\/\/iglesia-en-villar.es\/blog\/wp-json\/wp\/v2\/categories?post=8437"},{"taxonomy":"post_tag","embeddable":true,"href":"https:\/\/iglesia-en-villar.es\/blog\/wp-json\/wp\/v2\/tags?post=8437"}],"curies":[{"name":"wp","href":"https:\/\/api.w.org\/{rel}","templated":true}]}}