{"id":8442,"date":"2021-07-21T16:33:30","date_gmt":"2021-07-21T15:33:30","guid":{"rendered":"https:\/\/iglesia-en-villar.es\/blog\/?p=8442"},"modified":"2021-07-21T16:33:32","modified_gmt":"2021-07-21T15:33:32","slug":"editorial-75","status":"publish","type":"post","link":"https:\/\/iglesia-en-villar.es\/blog\/2021\/07\/21\/editorial-75\/","title":{"rendered":"Editorial"},"content":{"rendered":"\n<h4 class=\"has-text-align-center wp-block-heading\"><strong>Caminar tras los pasos del Ap\u00f3stol<\/strong><\/h4>\n\n\n\n<p>Hace unos d\u00edas en la misa del s\u00e1bado, desped\u00edamos a un miembro de nuestra parroquia, Paco Porta, que se dispon\u00eda a emprender uno de los peregrinajes m\u00e1s hermosos que existen, el camino de los peregrinos a Santiago, que les conduce hasta la tumba del Ap\u00f3stol, en el coraz\u00f3n de la catedral de Compostela.<\/p>\n\n\n\n<p>Es el camino de millones de cristianos que desde que se hallase la tumba del ap\u00f3stol han recorrido los caminos para convertir esta ciudad espa\u00f1ola en el lugar de peregrinaci\u00f3n con mayor relevancia de la historia del cristianismo.<\/p>\n\n\n\n<p>La cercan\u00eda en esta semana de la Solemnidad del Ap\u00f3stol Santiago, patr\u00f3n de nuestro pa\u00eds, nos ofrece la oportunidad de acercarnos y compartir, aunque sea solo espiritualmente, este camino de tantos hermanos nuestros que paso a paso recorren el itinerario en el que Dios se convierte en escritor de una historia protagonizada por uno de nosotros.<\/p>\n\n\n\n<p>Peregrinar es recorrer un camino que propicia una experiencia de encuentro, un camino de b\u00fasqueda en el que Dios y el hombre se reencuentras para andar de la mano. Un reencuentro que nos invita a bosquejar una vida en la que el hombre es conducido por la providencia de Dios. La peregrinaci\u00f3n nos ense\u00f1a a vivir en humildad y en plena confianza, dejarlo todo en sus manos y experimentar de verdad el sentido de ser hijos del omnipotente.<\/p>\n\n\n\n<p>La peregrinaci\u00f3n necesita de un componente esencial para ser vivida de verdad, en todas las dimensiones de las que se compone. Para peregrinar hace falta la fe, hay que creer y conocer a Dios. El encuentro es el primer paso, para poderle escuchar y de esta forma, dejar que \u00e9l nos conduzca en el camino de la vida.<\/p>\n\n\n\n<p>La fe es la que nos empuja a vivir y comprender la importancia de este encuentro, a interpretarlo como el primer momento de una nueva historia escrita junto a Cristo, el Se\u00f1or. La peregrinaci\u00f3n nos ayuda afinar los sentidos y el coraz\u00f3n, de manera que nos sea cada vez m\u00e1s f\u00e1cil ser testigos del amor de Dios en el mundo. Transmisores de aquello que es nuestro gozo y que da sentido a nuestra vida.<\/p>\n\n\n\n<p>Comprender esta presencia de Dios, convertirla en el n\u00facleo de nuestra vida, es el germen del apostolado. Esta vivencia de Dios es lo que movi\u00f3 a Santiago a su anuncio del Evangelio, a convertirse en incipiente evangelizador de nuestro pa\u00eds. El testimonio de los Ap\u00f3stoles es una invitaci\u00f3n a la conversi\u00f3n, a cambiar nuestros errores, a incorporar a Dios a esta gran peregrinaci\u00f3n que es la vida en la que estamos llamados a tomar a Jesucristo como nuestro mejor compa\u00f1ero de camino. Que sea \u00c9l quien guie nuestros pasos, quien allane el camino, quien nos haga llegar hasta el final de esta peregrinaci\u00f3n en la que podamos cantar eternamente la acci\u00f3n de gracias a Dios.<\/p>\n\n\n\n<p class=\"has-text-align-right\"><strong>Quique, vuestro cura.<\/strong><\/p>\n","protected":false},"excerpt":{"rendered":"<p>Caminar tras los pasos del Ap\u00f3stol Hace unos d\u00edas en la misa del s\u00e1bado, desped\u00edamos a un miembro de nuestra parroquia, Paco Porta, que se dispon\u00eda a emprender uno de los peregrinajes m\u00e1s hermosos que existen, el camino de los peregrinos a Santiago, que les conduce hasta la tumba del Ap\u00f3stol, en el coraz\u00f3n de la catedral de Compostela. Es&#8230;<\/p>\n<p> <a class=\"continue-reading-link\" href=\"https:\/\/iglesia-en-villar.es\/blog\/2021\/07\/21\/editorial-75\/\"><span>Leer m\u00e1s<\/span><i class=\"crycon-right-dir\"><\/i><\/a> <\/p>\n","protected":false},"author":53745,"featured_media":8440,"comment_status":"open","ping_status":"open","sticky":false,"template":"","format":"standard","meta":{"inline_featured_image":false,"footnotes":""},"categories":[13],"tags":[],"class_list":["post-8442","post","type-post","status-publish","format-standard","has-post-thumbnail","hentry","category-editorial"],"better_featured_image":{"id":8440,"alt_text":"","caption":"","description":"","media_type":"image","media_details":{"width":700,"height":1050,"file":"2021\/07\/santigao-apostol.jpeg","sizes":{"medium":{"file":"santigao-apostol-200x300.jpeg","width":200,"height":300,"mime-type":"image\/jpeg","source_url":"https:\/\/iglesia-en-villar.es\/blog\/wp-content\/uploads\/2021\/07\/santigao-apostol-200x300.jpeg"},"large":{"file":"santigao-apostol-683x1024.jpeg","width":683,"height":1024,"mime-type":"image\/jpeg","source_url":"https:\/\/iglesia-en-villar.es\/blog\/wp-content\/uploads\/2021\/07\/santigao-apostol-683x1024.jpeg"},"thumbnail":{"file":"santigao-apostol-150x150.jpeg","width":150,"height":150,"mime-type":"image\/jpeg","source_url":"https:\/\/iglesia-en-villar.es\/blog\/wp-content\/uploads\/2021\/07\/santigao-apostol-150x150.jpeg"},"post-thumbnail":{"file":"santigao-apostol-100x150.jpeg","width":100,"height":150,"mime-type":"image\/jpeg","source_url":"https:\/\/iglesia-en-villar.es\/blog\/wp-content\/uploads\/2021\/07\/santigao-apostol-100x150.jpeg"},"header":{"file":"santigao-apostol-700x230.jpeg","width":700,"height":230,"mime-type":"image\/jpeg","source_url":"https:\/\/iglesia-en-villar.es\/blog\/wp-content\/uploads\/2021\/07\/santigao-apostol-700x230.jpeg"},"slider":{"file":"santigao-apostol-700x580.jpeg","width":700,"height":580,"mime-type":"image\/jpeg","source_url":"https:\/\/iglesia-en-villar.es\/blog\/wp-content\/uploads\/2021\/07\/santigao-apostol-700x580.jpeg"},"columns":{"file":"santigao-apostol-330x300.jpeg","width":330,"height":300,"mime-type":"image\/jpeg","source_url":"https:\/\/iglesia-en-villar.es\/blog\/wp-content\/uploads\/2021\/07\/santigao-apostol-330x300.jpeg"},"custom":{"file":"santigao-apostol-250x375.jpeg","width":250,"height":375,"mime-type":"image\/jpeg","source_url":"https:\/\/iglesia-en-villar.es\/blog\/wp-content\/uploads\/2021\/07\/santigao-apostol-250x375.jpeg"}},"image_meta":{"aperture":"0","credit":"","camera":"","caption":"","created_timestamp":"0","copyright":"","focal_length":"0","iso":"0","shutter_speed":"0","title":"","orientation":"0","keywords":[]}},"post":null,"source_url":"https:\/\/iglesia-en-villar.es\/blog\/wp-content\/uploads\/2021\/07\/santigao-apostol.jpeg"},"read":true,"_links":{"self":[{"href":"https:\/\/iglesia-en-villar.es\/blog\/wp-json\/wp\/v2\/posts\/8442","targetHints":{"allow":["GET"]}}],"collection":[{"href":"https:\/\/iglesia-en-villar.es\/blog\/wp-json\/wp\/v2\/posts"}],"about":[{"href":"https:\/\/iglesia-en-villar.es\/blog\/wp-json\/wp\/v2\/types\/post"}],"author":[{"embeddable":true,"href":"https:\/\/iglesia-en-villar.es\/blog\/wp-json\/wp\/v2\/users\/53745"}],"replies":[{"embeddable":true,"href":"https:\/\/iglesia-en-villar.es\/blog\/wp-json\/wp\/v2\/comments?post=8442"}],"version-history":[{"count":1,"href":"https:\/\/iglesia-en-villar.es\/blog\/wp-json\/wp\/v2\/posts\/8442\/revisions"}],"predecessor-version":[{"id":8443,"href":"https:\/\/iglesia-en-villar.es\/blog\/wp-json\/wp\/v2\/posts\/8442\/revisions\/8443"}],"wp:featuredmedia":[{"embeddable":true,"href":"https:\/\/iglesia-en-villar.es\/blog\/wp-json\/wp\/v2\/media\/8440"}],"wp:attachment":[{"href":"https:\/\/iglesia-en-villar.es\/blog\/wp-json\/wp\/v2\/media?parent=8442"}],"wp:term":[{"taxonomy":"category","embeddable":true,"href":"https:\/\/iglesia-en-villar.es\/blog\/wp-json\/wp\/v2\/categories?post=8442"},{"taxonomy":"post_tag","embeddable":true,"href":"https:\/\/iglesia-en-villar.es\/blog\/wp-json\/wp\/v2\/tags?post=8442"}],"curies":[{"name":"wp","href":"https:\/\/api.w.org\/{rel}","templated":true}]}}