{"id":8468,"date":"2021-08-07T16:49:06","date_gmt":"2021-08-07T15:49:06","guid":{"rendered":"https:\/\/iglesia-en-villar.es\/blog\/?p=8468"},"modified":"2021-08-07T16:49:08","modified_gmt":"2021-08-07T15:49:08","slug":"rincon-carmelitano-84","status":"publish","type":"post","link":"https:\/\/iglesia-en-villar.es\/blog\/2021\/08\/07\/rincon-carmelitano-84\/","title":{"rendered":"Rinc\u00f3n Carmelitano"},"content":{"rendered":"\n<p><strong>LA PASCUAL DE NUESTRA SE\u00d1ORA<\/strong><\/p>\n\n\n\n<p>El domingo que viene celebraremos una fiesta muy entra\u00f1able de la Virgen : su Asunci\u00f3n al Cielo en cuerpo y alma. \u00abLa Pascua de Nuestra Se\u00f1ora\u00bb como la llamaba el padre Jes\u00fas Castellano, muy devoto de esta fiesta.<\/p>\n\n\n\n<p>Acompa\u00f1amos a Mar\u00eda en los dolores de la Pasi\u00f3n; ahora la queremos acompa\u00f1ar en el gozo infinito de su encuentro definitivo con el Hijo; \u00bfOs imagin\u00e1is que abrazo se dar\u00edan?, y c\u00f3mo la presentar\u00eda al Padre&#8230;Es sano entretenerse en esos pensamientos, puesto que algo semejante es lo que va a acontecernos a nosotros. Ojal\u00e1 que Mar\u00eda en esta fiesta suya nos aumente el deseo del Gran Encuentro, como Ella lo deb\u00eda experimentar en los a\u00f1os que pas\u00f3 en la tierra sin Jes\u00fas presente f\u00edsicamente.<\/p>\n\n\n\n<p>Merece la pena prepararse para esta fiesta, pedir al Esp\u00edritu Santo que nos disponga para que no se nos pase casi de vac\u00edo. Dice un salmo: \u00abAbre la boca que te la llene\u00bb. Si la mantenemos cerrada sin ganas de lo de all\u00e1&#8230;pues con lo de ac\u00e1 nos quedaremos, y aunque no sea malo \u00a1es tan poquita cosa y tan ef\u00edmero todo!.<\/p>\n\n\n\n<p>Cada fiesta de la Iglesia es una invitaci\u00f3n y una oportunidad de enriquecer y fortalecer nuestra fe, y ahora se nos ofrece \u00e9sta tan gozosa. El dogma de la Asunci\u00f3n es el \u00faltimo declarado por la Iglesia, en el 1950, es el \u00abnuestro\u00bb. El pueblo de Dios lo ped\u00eda con insistencia, y a pesar de que no tiene un fundamento b\u00edblico tan claro, por ejemplo como el de la maternidad divina , el Papa P\u00edo XII lo declar\u00f3 como dogma de fe.<\/p>\n\n\n\n<p class=\"has-text-align-right\"><strong>Hermanas Carmelitas<\/strong><\/p>\n","protected":false},"excerpt":{"rendered":"<p>LA PASCUAL DE NUESTRA SE\u00d1ORA El domingo que viene celebraremos una fiesta muy entra\u00f1able de la Virgen : su Asunci\u00f3n al Cielo en cuerpo y alma. \u00abLa Pascua de Nuestra Se\u00f1ora\u00bb como la llamaba el padre Jes\u00fas Castellano, muy devoto de esta fiesta. Acompa\u00f1amos a Mar\u00eda en los dolores de la Pasi\u00f3n; ahora la queremos acompa\u00f1ar en el gozo infinito&#8230;<\/p>\n<p> <a class=\"continue-reading-link\" href=\"https:\/\/iglesia-en-villar.es\/blog\/2021\/08\/07\/rincon-carmelitano-84\/\"><span>Leer m\u00e1s<\/span><i class=\"crycon-right-dir\"><\/i><\/a> <\/p>\n","protected":false},"author":53745,"featured_media":8471,"comment_status":"open","ping_status":"open","sticky":false,"template":"","format":"standard","meta":{"inline_featured_image":false,"footnotes":""},"categories":[5],"tags":[],"class_list":["post-8468","post","type-post","status-publish","format-standard","has-post-thumbnail","hentry","category-monasterio"],"better_featured_image":{"id":8471,"alt_text":"","caption":"","description":"","media_type":"image","media_details":{"width":206,"height":208,"file":"2021\/08\/CARELITAS.png","sizes":{"thumbnail":{"file":"CARELITAS-150x150.png","width":150,"height":150,"mime-type":"image\/png","source_url":"https:\/\/iglesia-en-villar.es\/blog\/wp-content\/uploads\/2021\/08\/CARELITAS-150x150.png"},"post-thumbnail":{"file":"CARELITAS-150x150.png","width":150,"height":150,"mime-type":"image\/png","source_url":"https:\/\/iglesia-en-villar.es\/blog\/wp-content\/uploads\/2021\/08\/CARELITAS-150x150.png"}},"image_meta":{"aperture":"0","credit":"","camera":"","caption":"","created_timestamp":"0","copyright":"","focal_length":"0","iso":"0","shutter_speed":"0","title":"","orientation":"0","keywords":[]}},"post":null,"source_url":"https:\/\/iglesia-en-villar.es\/blog\/wp-content\/uploads\/2021\/08\/CARELITAS.png"},"read":true,"_links":{"self":[{"href":"https:\/\/iglesia-en-villar.es\/blog\/wp-json\/wp\/v2\/posts\/8468","targetHints":{"allow":["GET"]}}],"collection":[{"href":"https:\/\/iglesia-en-villar.es\/blog\/wp-json\/wp\/v2\/posts"}],"about":[{"href":"https:\/\/iglesia-en-villar.es\/blog\/wp-json\/wp\/v2\/types\/post"}],"author":[{"embeddable":true,"href":"https:\/\/iglesia-en-villar.es\/blog\/wp-json\/wp\/v2\/users\/53745"}],"replies":[{"embeddable":true,"href":"https:\/\/iglesia-en-villar.es\/blog\/wp-json\/wp\/v2\/comments?post=8468"}],"version-history":[{"count":1,"href":"https:\/\/iglesia-en-villar.es\/blog\/wp-json\/wp\/v2\/posts\/8468\/revisions"}],"predecessor-version":[{"id":8469,"href":"https:\/\/iglesia-en-villar.es\/blog\/wp-json\/wp\/v2\/posts\/8468\/revisions\/8469"}],"wp:featuredmedia":[{"embeddable":true,"href":"https:\/\/iglesia-en-villar.es\/blog\/wp-json\/wp\/v2\/media\/8471"}],"wp:attachment":[{"href":"https:\/\/iglesia-en-villar.es\/blog\/wp-json\/wp\/v2\/media?parent=8468"}],"wp:term":[{"taxonomy":"category","embeddable":true,"href":"https:\/\/iglesia-en-villar.es\/blog\/wp-json\/wp\/v2\/categories?post=8468"},{"taxonomy":"post_tag","embeddable":true,"href":"https:\/\/iglesia-en-villar.es\/blog\/wp-json\/wp\/v2\/tags?post=8468"}],"curies":[{"name":"wp","href":"https:\/\/api.w.org\/{rel}","templated":true}]}}