{"id":8480,"date":"2021-08-17T16:38:38","date_gmt":"2021-08-17T15:38:38","guid":{"rendered":"https:\/\/iglesia-en-villar.es\/blog\/?p=8480"},"modified":"2021-08-17T16:53:28","modified_gmt":"2021-08-17T15:53:28","slug":"intenciones-de-misa-70","status":"publish","type":"post","link":"https:\/\/iglesia-en-villar.es\/blog\/2021\/08\/17\/intenciones-de-misa-70\/","title":{"rendered":"Intenciones de Misa"},"content":{"rendered":"\n<p><strong>LUNES 16<\/strong><\/p>\n\n\n\n<p>8,30 H CONVENTO<\/p>\n\n\n\n<p>12 H. TEMPLO MISA SOLEMNE A SAN ROQUE<\/p>\n\n\n\n<p>19,30 H REZO ROSARIO.<\/p>\n\n\n\n<p>20,00 H. MISA.<\/p>\n\n\n\n<p>Acci\u00f3n de Gracias a San Roque de una Familia \u2013 A la Virgen del Carmen de la Junta \u2013 Familia Quilez y Brecieux.<\/p>\n\n\n\n<p><strong>MARTES 17<\/strong><\/p>\n\n\n\n<p>8,30 H. CONVENTO<\/p>\n\n\n\n<p>19,30 H. TEMPLO REZO ROSARIO<\/p>\n\n\n\n<p><strong>20,00 H. MISA MISA POR LOS DIFUNTOS DE LA PARROQUIA<\/strong><\/p>\n\n\n\n<p>Por los Enfermos \u2013 Sufragio de: Pascual Iba\u00f1ez Iba\u00f1ez y Padres \u2013 Pascual L\u00f3pez L\u00e1zaro.<\/p>\n\n\n\n<p><strong>MI\u00c9RCOLES 18<\/strong><\/p>\n\n\n\n<p>8,30 H. CONVENTO.<\/p>\n\n\n\n<p>19,30 H. TEMPLO REZO ROSARIO<\/p>\n\n\n\n<p>20,00 H. MISA.<\/p>\n\n\n\n<p>Sufragio de: Jos\u00e9 Mu\u00f1oz Llatas y Mar\u00eda Balaguer Garc\u00eda \u2013 Pascual L\u00f3pez L\u00e1zaro \u2013 Elena Barrachina Burriel y Vicente Garc\u00eda Estevan \u2013 Miguel Gordo Garay y Maria Moreno Exp\u00f3sito \u2013 Miguel Moreno Exp\u00f3sito.<\/p>\n\n\n\n<p><strong>JUEVES 19<\/strong><\/p>\n\n\n\n<p>8,30 H. CONVENTO.<\/p>\n\n\n\n<p>19,30 H. TEMPLO REZO ROSARIO<\/p>\n\n\n\n<p>20,00 H MISA.<\/p>\n\n\n\n<p>Sufragio de: Angel L\u00f3pez Fabregat y Francisca L\u00e1zaro Belenguer \u2013 Pascual L\u00f3pez L\u00e1zaro.<\/p>\n\n\n\n<p><strong>VIERNES 20<\/strong><\/p>\n\n\n\n<p>8,30 H. CONVENTO.<\/p>\n\n\n\n<p>19,30 H. TEMPLO REZO ROSARIO<\/p>\n\n\n\n<p>20,00 H. MISA.<\/p>\n\n\n\n<p><strong>ANIVERSARIO FUNERAL DE VICENTE E ISABEL PORTER ESPINOSA.<\/strong><\/p>\n\n\n\n<p><strong>MISA FUNERAL DE TRINIDAD PORTER ESPINOSA<\/strong><\/p>\n\n\n\n<p><strong>S\u00c1BADO<\/strong><strong>21<\/strong><\/p>\n\n\n\n<p>8,30 H. CONVENTO.<\/p>\n\n\n\n<p>19,30 H. TEMPLO REZO ROSARIO<\/p>\n\n\n\n<p>20 H. <strong>MISA EN HONOR A SAN ISIDRO Y SAN CRISTOBAL.<\/strong><\/p>\n\n\n\n<p>Sufragio de: Gloria y Difuntos de Paz \u2013 Difuntos Familia Ponce Cervera- \u00c1ngeles L\u00f3pez Aliaga de sus amigas \u2013 Miguel Diago L\u00f3pez \u2013 Rafael L\u00f3pez P\u00e9rez \u2013 Amparo G\u00e1lvez Pradas y Victoriano y Mauricio.<\/p>\n\n\n\n<p><strong>DOMINGO 22<\/strong><\/p>\n\n\n\n<p>9 H. CONVENTO.<\/p>\n\n\n\n<p>10,30 H TEMPLO.<\/p>\n\n\n\n<p>Misa Propopulo.<\/p>\n","protected":false},"excerpt":{"rendered":"<p>LUNES 16 8,30 H CONVENTO 12 H. TEMPLO MISA SOLEMNE A SAN ROQUE 19,30 H REZO ROSARIO. 20,00 H. MISA. Acci\u00f3n de Gracias a San Roque de una Familia \u2013 A la Virgen del Carmen de la Junta \u2013 Familia Quilez y Brecieux. MARTES 17 8,30 H. CONVENTO 19,30 H. TEMPLO REZO ROSARIO 20,00 H. MISA MISA POR LOS DIFUNTOS&#8230;<\/p>\n<p> <a class=\"continue-reading-link\" href=\"https:\/\/iglesia-en-villar.es\/blog\/2021\/08\/17\/intenciones-de-misa-70\/\"><span>Leer m\u00e1s<\/span><i class=\"crycon-right-dir\"><\/i><\/a> <\/p>\n","protected":false},"author":53745,"featured_media":0,"comment_status":"open","ping_status":"open","sticky":false,"template":"","format":"standard","meta":{"inline_featured_image":false,"footnotes":""},"categories":[3],"tags":[],"class_list":["post-8480","post","type-post","status-publish","format-standard","hentry","category-intenciones"],"better_featured_image":null,"read":true,"_links":{"self":[{"href":"https:\/\/iglesia-en-villar.es\/blog\/wp-json\/wp\/v2\/posts\/8480","targetHints":{"allow":["GET"]}}],"collection":[{"href":"https:\/\/iglesia-en-villar.es\/blog\/wp-json\/wp\/v2\/posts"}],"about":[{"href":"https:\/\/iglesia-en-villar.es\/blog\/wp-json\/wp\/v2\/types\/post"}],"author":[{"embeddable":true,"href":"https:\/\/iglesia-en-villar.es\/blog\/wp-json\/wp\/v2\/users\/53745"}],"replies":[{"embeddable":true,"href":"https:\/\/iglesia-en-villar.es\/blog\/wp-json\/wp\/v2\/comments?post=8480"}],"version-history":[{"count":2,"href":"https:\/\/iglesia-en-villar.es\/blog\/wp-json\/wp\/v2\/posts\/8480\/revisions"}],"predecessor-version":[{"id":8491,"href":"https:\/\/iglesia-en-villar.es\/blog\/wp-json\/wp\/v2\/posts\/8480\/revisions\/8491"}],"wp:attachment":[{"href":"https:\/\/iglesia-en-villar.es\/blog\/wp-json\/wp\/v2\/media?parent=8480"}],"wp:term":[{"taxonomy":"category","embeddable":true,"href":"https:\/\/iglesia-en-villar.es\/blog\/wp-json\/wp\/v2\/categories?post=8480"},{"taxonomy":"post_tag","embeddable":true,"href":"https:\/\/iglesia-en-villar.es\/blog\/wp-json\/wp\/v2\/tags?post=8480"}],"curies":[{"name":"wp","href":"https:\/\/api.w.org\/{rel}","templated":true}]}}