{"id":8492,"date":"2021-08-22T16:33:56","date_gmt":"2021-08-22T15:33:56","guid":{"rendered":"https:\/\/iglesia-en-villar.es\/blog\/?p=8492"},"modified":"2021-08-22T16:33:58","modified_gmt":"2021-08-22T15:33:58","slug":"avisos-69","status":"publish","type":"post","link":"https:\/\/iglesia-en-villar.es\/blog\/2021\/08\/22\/avisos-69\/","title":{"rendered":"Avisos"},"content":{"rendered":"\n<p><strong>LITURGIA DE LA PALABRA<\/strong><\/p>\n\n\n\n<p>Esta semana no habr\u00e1 misa desde el lunes hasta el viernes, en su lugar se realizar\u00e1 todos los d\u00edas a las 8 de la tarde la LITURGIA DE LA PALABRA.<\/p>\n\n\n\n<p><strong>COFRAD\u00cdA DE SAN ROQUE<\/strong><\/p>\n\n\n\n<p>La Cofrad\u00eda de San Roque comunica que est\u00e1n a la venta los cubre-balcones de San Roque en los dos tama\u00f1os, el peque\u00f1o vale 25 \u20acuros y el grande 30 \u20acuros.<\/p>\n\n\n","protected":false},"excerpt":{"rendered":"<p>LITURGIA DE LA PALABRA Esta semana no habr\u00e1 misa desde el lunes hasta el viernes, en su lugar se realizar\u00e1 todos los d\u00edas a las 8 de la tarde la LITURGIA DE LA PALABRA. COFRAD\u00cdA DE SAN ROQUE La Cofrad\u00eda de San Roque comunica que est\u00e1n a la venta los cubre-balcones de San Roque en los dos tama\u00f1os, el peque\u00f1o&#8230;<\/p>\n<p> <a class=\"continue-reading-link\" href=\"https:\/\/iglesia-en-villar.es\/blog\/2021\/08\/22\/avisos-69\/\"><span>Leer m\u00e1s<\/span><i class=\"crycon-right-dir\"><\/i><\/a> <\/p>\n","protected":false},"author":53745,"featured_media":0,"comment_status":"open","ping_status":"open","sticky":false,"template":"","format":"standard","meta":{"inline_featured_image":false,"footnotes":""},"categories":[10],"tags":[],"class_list":["post-8492","post","type-post","status-publish","format-standard","hentry","category-avisos"],"better_featured_image":null,"read":true,"_links":{"self":[{"href":"https:\/\/iglesia-en-villar.es\/blog\/wp-json\/wp\/v2\/posts\/8492","targetHints":{"allow":["GET"]}}],"collection":[{"href":"https:\/\/iglesia-en-villar.es\/blog\/wp-json\/wp\/v2\/posts"}],"about":[{"href":"https:\/\/iglesia-en-villar.es\/blog\/wp-json\/wp\/v2\/types\/post"}],"author":[{"embeddable":true,"href":"https:\/\/iglesia-en-villar.es\/blog\/wp-json\/wp\/v2\/users\/53745"}],"replies":[{"embeddable":true,"href":"https:\/\/iglesia-en-villar.es\/blog\/wp-json\/wp\/v2\/comments?post=8492"}],"version-history":[{"count":1,"href":"https:\/\/iglesia-en-villar.es\/blog\/wp-json\/wp\/v2\/posts\/8492\/revisions"}],"predecessor-version":[{"id":8493,"href":"https:\/\/iglesia-en-villar.es\/blog\/wp-json\/wp\/v2\/posts\/8492\/revisions\/8493"}],"wp:attachment":[{"href":"https:\/\/iglesia-en-villar.es\/blog\/wp-json\/wp\/v2\/media?parent=8492"}],"wp:term":[{"taxonomy":"category","embeddable":true,"href":"https:\/\/iglesia-en-villar.es\/blog\/wp-json\/wp\/v2\/categories?post=8492"},{"taxonomy":"post_tag","embeddable":true,"href":"https:\/\/iglesia-en-villar.es\/blog\/wp-json\/wp\/v2\/tags?post=8492"}],"curies":[{"name":"wp","href":"https:\/\/api.w.org\/{rel}","templated":true}]}}