{"id":8524,"date":"2021-09-05T17:56:29","date_gmt":"2021-09-05T16:56:29","guid":{"rendered":"https:\/\/iglesia-en-villar.es\/blog\/?p=8524"},"modified":"2021-09-05T17:56:31","modified_gmt":"2021-09-05T16:56:31","slug":"editorial-81","status":"publish","type":"post","link":"https:\/\/iglesia-en-villar.es\/blog\/2021\/09\/05\/editorial-81\/","title":{"rendered":"Editorial"},"content":{"rendered":"\n<h2 class=\"has-text-align-center wp-block-heading\">Hacer balance<\/h2>\n\n\n\n<p>Despu\u00e9s de un a\u00f1o, creo que es oportuno hacer un balance objetivo de mi ministerio pastoral junto a esta comunidad parroquial de Villar del Arzobispo. Un a\u00f1o da para mucho (dir\u00edan algunos) aunque para mi, ciertamente, no ha dado los frutos que a mi (quiz\u00e1s ambiciosamente) me hubiese gustado. Un a\u00f1o complejo, por muchos motivos: por la Pandemia de Covid que nos ha ido atemorizando constantemente. y que ha tocado de cerca a muchas familias de nuestra comunidad; por mis dificultades y limitaciones dada mi inexperiencia como p\u00e1rroco, por los reajustes que hemos tenido que realizar a nivel organizativo, econ\u00f3mico, etc. Un a\u00f1o en el que podemos decir que hemos aprendido y hemos crecido.<\/p>\n\n\n\n<p>A mi me gustar\u00eda, en primer lugar, y por encima de todo, daros las gracias. Gracias por ser siempre comprensivos, por acompa\u00f1arme en todas mis iniciativas, por soportar mis man\u00edas y minuciosidades., por hacer el esfuerzo de respetar mis decisiones y acogerme cuando era un desconocido para vosotros. Siempre me he sentido respaldado por las personas de la comunidad y del consejo pastoral, y esa ayuda es impagable. El agradecimiento es la forma de vida de aquel que tiene fe, que vive constantemente en presencia del Se\u00f1or. Yo por esta comunidad me veo obligado a dar siempre gracias a Dios. Por vuestro testimonio, por vuestra firmeza, por vuestra participaci\u00f3n tan activa en la liturgia y en el canto ( eso es un regalo enorme, pues es un don en peligro de extinci\u00f3n en la mayor\u00eda de parroquias), por tantos detalles que hacen a la Parroquia de Villar \u00fanica e irrepetible.<\/p>\n\n\n\n<p>Quisiera tambi\u00e9n pedir perd\u00f3n. Perd\u00f3n por mis descuidos, por mis enfados, por mis gestos inoportunos o inadecuados. Hay un dicho valenciano que dice \u201cgent jove, pa blanet\u201d\u2026 Pues ya sab\u00e9is que tener un cura joven tiene sus ventajas, pero tambi\u00e9n sus inconvenientes. Pido perd\u00f3n por todo aquello que haya podido pareceros inadecuado, ofensivo o impropio de un sacerdote. No solo en nuestra vida se manifiesta la grandeza de Dios, sino tambi\u00e9n la debilidad humana Especialmente quiero pedir perd\u00f3n a los enfermos y a aquellos que por problemas de movilidad no pueden participar activamente de la vida de la comunidad. S\u00e9 que os he tenido quiz\u00e1s un poco olvidados, pero me comprometo a aumentar mis visitas ahora que la vacunaci\u00f3n parece estar un poco m\u00e1s avanzada.<\/p>\n\n\n\n<p>Por \u00faltimo quisiera haceros una petici\u00f3n o una propuesta comunitaria para este pr\u00f3ximo a\u00f1o. Que hagamos un esfuerzo por vincularnos a la Eucarist\u00eda de cada d\u00eda, que la veamos como un regalo. Quiz\u00e1s haya algunas tentaciones ahora que llega el invierno, hace fr\u00edo\u2026 Pero el Se\u00f1or nos sigue esperando. Cada d\u00eda nos regala el o\u00eddo con su palabra, nos ofrece su pan partido, sale a nuestro paso para fortalecer la vida y la fe de todos sus hijos. \u00bfC\u00f3mo vamos a perder esta oportunidad?<\/p>\n\n\n\n<p class=\"has-text-align-right\"><strong>Quique, vuestro cura.<\/strong><\/p>\n","protected":false},"excerpt":{"rendered":"<p>Hacer balance Despu\u00e9s de un a\u00f1o, creo que es oportuno hacer un balance objetivo de mi ministerio pastoral junto a esta comunidad parroquial de Villar del Arzobispo. Un a\u00f1o da para mucho (dir\u00edan algunos) aunque para mi, ciertamente, no ha dado los frutos que a mi (quiz\u00e1s ambiciosamente) me hubiese gustado. Un a\u00f1o complejo, por muchos motivos: por la Pandemia&#8230;<\/p>\n<p> <a class=\"continue-reading-link\" href=\"https:\/\/iglesia-en-villar.es\/blog\/2021\/09\/05\/editorial-81\/\"><span>Leer m\u00e1s<\/span><i class=\"crycon-right-dir\"><\/i><\/a> <\/p>\n","protected":false},"author":53745,"featured_media":8516,"comment_status":"open","ping_status":"open","sticky":false,"template":"","format":"standard","meta":{"inline_featured_image":false,"footnotes":""},"categories":[13],"tags":[],"class_list":["post-8524","post","type-post","status-publish","format-standard","has-post-thumbnail","hentry","category-editorial"],"better_featured_image":{"id":8516,"alt_text":"","caption":"","description":"","media_type":"image","media_details":{"width":412,"height":398,"file":"2021\/09\/imagen_editorial.png","sizes":{"medium":{"file":"imagen_editorial-300x290.png","width":300,"height":290,"mime-type":"image\/png","source_url":"https:\/\/iglesia-en-villar.es\/blog\/wp-content\/uploads\/2021\/09\/imagen_editorial-300x290.png"},"thumbnail":{"file":"imagen_editorial-150x150.png","width":150,"height":150,"mime-type":"image\/png","source_url":"https:\/\/iglesia-en-villar.es\/blog\/wp-content\/uploads\/2021\/09\/imagen_editorial-150x150.png"},"post-thumbnail":{"file":"imagen_editorial-150x145.png","width":150,"height":145,"mime-type":"image\/png","source_url":"https:\/\/iglesia-en-villar.es\/blog\/wp-content\/uploads\/2021\/09\/imagen_editorial-150x145.png"},"header":{"file":"imagen_editorial-412x230.png","width":412,"height":230,"mime-type":"image\/png","source_url":"https:\/\/iglesia-en-villar.es\/blog\/wp-content\/uploads\/2021\/09\/imagen_editorial-412x230.png"},"columns":{"file":"imagen_editorial-330x300.png","width":330,"height":300,"mime-type":"image\/png","source_url":"https:\/\/iglesia-en-villar.es\/blog\/wp-content\/uploads\/2021\/09\/imagen_editorial-330x300.png"},"custom":{"file":"imagen_editorial-250x242.png","width":250,"height":242,"mime-type":"image\/png","source_url":"https:\/\/iglesia-en-villar.es\/blog\/wp-content\/uploads\/2021\/09\/imagen_editorial-250x242.png"}},"image_meta":{"aperture":"0","credit":"","camera":"","caption":"","created_timestamp":"0","copyright":"","focal_length":"0","iso":"0","shutter_speed":"0","title":"","orientation":"0","keywords":[]}},"post":null,"source_url":"https:\/\/iglesia-en-villar.es\/blog\/wp-content\/uploads\/2021\/09\/imagen_editorial.png"},"read":true,"_links":{"self":[{"href":"https:\/\/iglesia-en-villar.es\/blog\/wp-json\/wp\/v2\/posts\/8524","targetHints":{"allow":["GET"]}}],"collection":[{"href":"https:\/\/iglesia-en-villar.es\/blog\/wp-json\/wp\/v2\/posts"}],"about":[{"href":"https:\/\/iglesia-en-villar.es\/blog\/wp-json\/wp\/v2\/types\/post"}],"author":[{"embeddable":true,"href":"https:\/\/iglesia-en-villar.es\/blog\/wp-json\/wp\/v2\/users\/53745"}],"replies":[{"embeddable":true,"href":"https:\/\/iglesia-en-villar.es\/blog\/wp-json\/wp\/v2\/comments?post=8524"}],"version-history":[{"count":1,"href":"https:\/\/iglesia-en-villar.es\/blog\/wp-json\/wp\/v2\/posts\/8524\/revisions"}],"predecessor-version":[{"id":8525,"href":"https:\/\/iglesia-en-villar.es\/blog\/wp-json\/wp\/v2\/posts\/8524\/revisions\/8525"}],"wp:featuredmedia":[{"embeddable":true,"href":"https:\/\/iglesia-en-villar.es\/blog\/wp-json\/wp\/v2\/media\/8516"}],"wp:attachment":[{"href":"https:\/\/iglesia-en-villar.es\/blog\/wp-json\/wp\/v2\/media?parent=8524"}],"wp:term":[{"taxonomy":"category","embeddable":true,"href":"https:\/\/iglesia-en-villar.es\/blog\/wp-json\/wp\/v2\/categories?post=8524"},{"taxonomy":"post_tag","embeddable":true,"href":"https:\/\/iglesia-en-villar.es\/blog\/wp-json\/wp\/v2\/tags?post=8524"}],"curies":[{"name":"wp","href":"https:\/\/api.w.org\/{rel}","templated":true}]}}