{"id":8535,"date":"2021-09-14T14:53:34","date_gmt":"2021-09-14T13:53:34","guid":{"rendered":"https:\/\/iglesia-en-villar.es\/blog\/?p=8535"},"modified":"2021-09-14T14:53:36","modified_gmt":"2021-09-14T13:53:36","slug":"editorial-82","status":"publish","type":"post","link":"https:\/\/iglesia-en-villar.es\/blog\/2021\/09\/14\/editorial-82\/","title":{"rendered":"Editorial"},"content":{"rendered":"\n<p><\/p>\n\n\n\n<p class=\"has-text-align-center\"><strong>Aprendiendo a Evangelizar<\/strong><\/p>\n\n\n\n<p>Es curioso que muchas veces, en la jerga parroquial, hablamos de una cuesti\u00f3n que nos preocupa y nos conmueve, pero que al mismo tiempo nos cuesta mucho definir, la evangelizaci\u00f3n. Ciertamente, si la mayor\u00eda de nosotros tuvi\u00e9semos que dar una definici\u00f3n concreta de la palabra \u201cevangelizaci\u00f3n\u201d nos supondr\u00eda un gran esfuerzo.<\/p>\n\n\n\n<p>Esta es hoy una prioridad para la Iglesia en nuestro continente, conseguir configurar comunidades evangelizadoras, que hablen de Cristo, y lo comuniquen a los dem\u00e1s como la buena noticia que la humanidad necesita conocer. Sin embargo, si somos sinceros \u00bfqui\u00e9n conoce las t\u00e9cnicas y los recursos necesarios para llevar a cabo una evangelizaci\u00f3n efectiva? \u00bfc\u00f3mo llegamos al p\u00fablico al que deseamos evangelizar?<\/p>\n\n\n\n<p>Para ello propongo que este a\u00f1o toda comunidad parroquial, todo aquel que se sienta parte de la misi\u00f3n de la parroquia en nuestro pueblo de Villar iniciemos un itinerario formativo que nos ayude a esta tarea tan importante y crucial en nuestro tiempo.<\/p>\n\n\n\n<p>La escuela de Evangelizaci\u00f3n tendr\u00e1 5 sesiones trimestrales, en las que recibiremos una sencilla formaci\u00f3n te\u00f3rica sobre un tema determinado y a continuaci\u00f3n tendremos una parte experiencial, en la que compartiremos h\u00e1bitos y uniremos nuestros talentos para que nuestra creatividad nos ayude a descubrir nuevas metodolog\u00edas y crear recursos que podamos llevar a nuestra misi\u00f3n.<\/p>\n\n\n\n<p>Quiz\u00e1s no vayamos a salir con un m\u00e1ster universitario en misionolog\u00eda (que existe en las facultades de teolog\u00eda de Roma), pero habremos aprendido nuevos recursos, podremos compartir experiencias, y sobre todo habremos despertado en nuestro coraz\u00f3n el deseo de convertirnos en agentes evangelizadores de nuestra Iglesia. Desde la sencillez, contando con los recursos m\u00e1s b\u00e1sicos, son muchas las iniciativas que podremos llevar adelante si nos ilusiona y apasiona la tarea evangelizadora de la Iglesia.<\/p>\n\n\n\n<p>\u00a1Os espero a todos!<\/p>\n\n\n\n<p>Quique Roig<\/p>\n","protected":false},"excerpt":{"rendered":"<p>Aprendiendo a Evangelizar Es curioso que muchas veces, en la jerga parroquial, hablamos de una cuesti\u00f3n que nos preocupa y nos conmueve, pero que al mismo tiempo nos cuesta mucho definir, la evangelizaci\u00f3n. Ciertamente, si la mayor\u00eda de nosotros tuvi\u00e9semos que dar una definici\u00f3n concreta de la palabra \u201cevangelizaci\u00f3n\u201d nos supondr\u00eda un gran esfuerzo. Esta es hoy una prioridad para&#8230;<\/p>\n<p> <a class=\"continue-reading-link\" href=\"https:\/\/iglesia-en-villar.es\/blog\/2021\/09\/14\/editorial-82\/\"><span>Leer m\u00e1s<\/span><i class=\"crycon-right-dir\"><\/i><\/a> <\/p>\n","protected":false},"author":53745,"featured_media":8538,"comment_status":"open","ping_status":"open","sticky":false,"template":"","format":"standard","meta":{"inline_featured_image":false,"footnotes":""},"categories":[13],"tags":[],"class_list":["post-8535","post","type-post","status-publish","format-standard","has-post-thumbnail","hentry","category-editorial"],"better_featured_image":{"id":8538,"alt_text":"","caption":"","description":"","media_type":"image","media_details":{"width":275,"height":183,"file":"2021\/09\/biblias.jpeg","sizes":{"thumbnail":{"file":"biblias-150x150.jpeg","width":150,"height":150,"mime-type":"image\/jpeg","source_url":"https:\/\/iglesia-en-villar.es\/blog\/wp-content\/uploads\/2021\/09\/biblias-150x150.jpeg"},"post-thumbnail":{"file":"biblias-150x100.jpeg","width":150,"height":100,"mime-type":"image\/jpeg","source_url":"https:\/\/iglesia-en-villar.es\/blog\/wp-content\/uploads\/2021\/09\/biblias-150x100.jpeg"},"custom":{"file":"biblias-250x166.jpeg","width":250,"height":166,"mime-type":"image\/jpeg","source_url":"https:\/\/iglesia-en-villar.es\/blog\/wp-content\/uploads\/2021\/09\/biblias-250x166.jpeg"}},"image_meta":{"aperture":"0","credit":"","camera":"","caption":"","created_timestamp":"0","copyright":"","focal_length":"0","iso":"0","shutter_speed":"0","title":"","orientation":"0","keywords":[]}},"post":null,"source_url":"https:\/\/iglesia-en-villar.es\/blog\/wp-content\/uploads\/2021\/09\/biblias.jpeg"},"read":true,"_links":{"self":[{"href":"https:\/\/iglesia-en-villar.es\/blog\/wp-json\/wp\/v2\/posts\/8535","targetHints":{"allow":["GET"]}}],"collection":[{"href":"https:\/\/iglesia-en-villar.es\/blog\/wp-json\/wp\/v2\/posts"}],"about":[{"href":"https:\/\/iglesia-en-villar.es\/blog\/wp-json\/wp\/v2\/types\/post"}],"author":[{"embeddable":true,"href":"https:\/\/iglesia-en-villar.es\/blog\/wp-json\/wp\/v2\/users\/53745"}],"replies":[{"embeddable":true,"href":"https:\/\/iglesia-en-villar.es\/blog\/wp-json\/wp\/v2\/comments?post=8535"}],"version-history":[{"count":1,"href":"https:\/\/iglesia-en-villar.es\/blog\/wp-json\/wp\/v2\/posts\/8535\/revisions"}],"predecessor-version":[{"id":8536,"href":"https:\/\/iglesia-en-villar.es\/blog\/wp-json\/wp\/v2\/posts\/8535\/revisions\/8536"}],"wp:featuredmedia":[{"embeddable":true,"href":"https:\/\/iglesia-en-villar.es\/blog\/wp-json\/wp\/v2\/media\/8538"}],"wp:attachment":[{"href":"https:\/\/iglesia-en-villar.es\/blog\/wp-json\/wp\/v2\/media?parent=8535"}],"wp:term":[{"taxonomy":"category","embeddable":true,"href":"https:\/\/iglesia-en-villar.es\/blog\/wp-json\/wp\/v2\/categories?post=8535"},{"taxonomy":"post_tag","embeddable":true,"href":"https:\/\/iglesia-en-villar.es\/blog\/wp-json\/wp\/v2\/tags?post=8535"}],"curies":[{"name":"wp","href":"https:\/\/api.w.org\/{rel}","templated":true}]}}