{"id":8570,"date":"2021-10-05T10:09:38","date_gmt":"2021-10-05T09:09:38","guid":{"rendered":"https:\/\/iglesia-en-villar.es\/blog\/?p=8570"},"modified":"2021-10-05T10:09:39","modified_gmt":"2021-10-05T09:09:39","slug":"rincon-carmelitano-92","status":"publish","type":"post","link":"https:\/\/iglesia-en-villar.es\/blog\/2021\/10\/05\/rincon-carmelitano-92\/","title":{"rendered":"Rinc\u00f3n Carmelitano"},"content":{"rendered":"\n<p><strong>LA VIRGEN DEL ROSARIO<\/strong><\/p>\n\n\n\n<p>El d\u00eda 7 es la Virgen del Rosario. Os ofrecemos lo que nos dice a las carmelitas un padre de la Orden, pues sirve para todos:<\/p>\n\n\n\n<p>\u00abAprecia tu rosario y rezalo de buena gana. En numerosas apariciones privadas, Mar\u00eda asegura que ella valora mucho esta oraci\u00f3n, e innumerables enc\u00edclicas de los Papas la han recomendado. No te creas, sin embargo, obligada a recitar cada d\u00eda todo el rosario, los cinco misterios. Es preferible rezar tranquila y lentamente uno o dos misterios que despachar un rosario entero a toda prisa para acabar en un tiempo determinado.<\/p>\n\n\n\n<p>Hay diferentes maneras de rezar el rosario y puedes aprovecharte de estas posibles variaciones. Por ejemplo, meditar el misterio nombrado, o bien pensar en las palabras pronunciadas. Se puede tambi\u00e9n unir una intenci\u00f3n especial en cada misterio y evocarla conscientemente durante la oraci\u00f3n. O, simplemente, mantenerse cerca de Mar\u00eda y permanecer bajo su mirada amorosa. Si, a menudo tus pensamientos te estorban, no te extra\u00f1e ni te impacientes. El rosario es tambi\u00e9n una oraci\u00f3n de pobres que no llegan a fijar continuamente su atenci\u00f3n en Mar\u00eda. Si, sin falta por tu parte, tu atenci\u00f3n se debilita, continua fielmente repitiendo las palabras, para que, al menos, una parte de t\u00ed quede con Mar\u00eda.\u00bb<\/p>\n\n\n\n<p>Ser\u00eda un hermoso prop\u00f3sito para este mes de Octubre, mes del Rosario, rezarlo todos los d\u00edas. Que sea el momento del encuentro con nuestra Madre. Y los que ya lo hacemos, pues procurar hacerlo con la mente, y sobre todo el coraz\u00f3n puestos en Ella, con creciente intensidad y amor filial.<\/p>\n\n\n\n<p>Hermanas Carmelitas<\/p>\n","protected":false},"excerpt":{"rendered":"<p>LA VIRGEN DEL ROSARIO El d\u00eda 7 es la Virgen del Rosario. Os ofrecemos lo que nos dice a las carmelitas un padre de la Orden, pues sirve para todos: \u00abAprecia tu rosario y rezalo de buena gana. En numerosas apariciones privadas, Mar\u00eda asegura que ella valora mucho esta oraci\u00f3n, e innumerables enc\u00edclicas de los Papas la han recomendado. No&#8230;<\/p>\n<p> <a class=\"continue-reading-link\" href=\"https:\/\/iglesia-en-villar.es\/blog\/2021\/10\/05\/rincon-carmelitano-92\/\"><span>Leer m\u00e1s<\/span><i class=\"crycon-right-dir\"><\/i><\/a> <\/p>\n","protected":false},"author":53745,"featured_media":8576,"comment_status":"open","ping_status":"open","sticky":false,"template":"","format":"standard","meta":{"inline_featured_image":false,"footnotes":""},"categories":[5],"tags":[],"class_list":["post-8570","post","type-post","status-publish","format-standard","has-post-thumbnail","hentry","category-monasterio"],"better_featured_image":{"id":8576,"alt_text":"","caption":"","description":"","media_type":"image","media_details":{"width":206,"height":208,"file":"2021\/10\/la-virgen-del-rosario-1.jpeg","sizes":{"thumbnail":{"file":"la-virgen-del-rosario-1-150x150.jpeg","width":150,"height":150,"mime-type":"image\/jpeg","source_url":"https:\/\/iglesia-en-villar.es\/blog\/wp-content\/uploads\/2021\/10\/la-virgen-del-rosario-1-150x150.jpeg"},"post-thumbnail":{"file":"la-virgen-del-rosario-1-150x150.jpeg","width":150,"height":150,"mime-type":"image\/jpeg","source_url":"https:\/\/iglesia-en-villar.es\/blog\/wp-content\/uploads\/2021\/10\/la-virgen-del-rosario-1-150x150.jpeg"}},"image_meta":{"aperture":"0","credit":"","camera":"","caption":"","created_timestamp":"0","copyright":"","focal_length":"0","iso":"0","shutter_speed":"0","title":"","orientation":"0","keywords":[]}},"post":null,"source_url":"https:\/\/iglesia-en-villar.es\/blog\/wp-content\/uploads\/2021\/10\/la-virgen-del-rosario-1.jpeg"},"read":true,"_links":{"self":[{"href":"https:\/\/iglesia-en-villar.es\/blog\/wp-json\/wp\/v2\/posts\/8570","targetHints":{"allow":["GET"]}}],"collection":[{"href":"https:\/\/iglesia-en-villar.es\/blog\/wp-json\/wp\/v2\/posts"}],"about":[{"href":"https:\/\/iglesia-en-villar.es\/blog\/wp-json\/wp\/v2\/types\/post"}],"author":[{"embeddable":true,"href":"https:\/\/iglesia-en-villar.es\/blog\/wp-json\/wp\/v2\/users\/53745"}],"replies":[{"embeddable":true,"href":"https:\/\/iglesia-en-villar.es\/blog\/wp-json\/wp\/v2\/comments?post=8570"}],"version-history":[{"count":1,"href":"https:\/\/iglesia-en-villar.es\/blog\/wp-json\/wp\/v2\/posts\/8570\/revisions"}],"predecessor-version":[{"id":8571,"href":"https:\/\/iglesia-en-villar.es\/blog\/wp-json\/wp\/v2\/posts\/8570\/revisions\/8571"}],"wp:featuredmedia":[{"embeddable":true,"href":"https:\/\/iglesia-en-villar.es\/blog\/wp-json\/wp\/v2\/media\/8576"}],"wp:attachment":[{"href":"https:\/\/iglesia-en-villar.es\/blog\/wp-json\/wp\/v2\/media?parent=8570"}],"wp:term":[{"taxonomy":"category","embeddable":true,"href":"https:\/\/iglesia-en-villar.es\/blog\/wp-json\/wp\/v2\/categories?post=8570"},{"taxonomy":"post_tag","embeddable":true,"href":"https:\/\/iglesia-en-villar.es\/blog\/wp-json\/wp\/v2\/tags?post=8570"}],"curies":[{"name":"wp","href":"https:\/\/api.w.org\/{rel}","templated":true}]}}