{"id":8619,"date":"2021-11-01T18:57:00","date_gmt":"2021-11-01T17:57:00","guid":{"rendered":"https:\/\/iglesia-en-villar.es\/blog\/?p=8619"},"modified":"2021-11-01T18:57:02","modified_gmt":"2021-11-01T17:57:02","slug":"avisos-79","status":"publish","type":"post","link":"https:\/\/iglesia-en-villar.es\/blog\/2021\/11\/01\/avisos-79\/","title":{"rendered":"Avisos"},"content":{"rendered":"\n<p><strong>VIDA ASCENDENTE.<\/strong><\/p>\n\n\n\n<p>El Pr\u00f3ximo Jueves d\u00eda 4 de Noviembre a las 17,30 Horas de la tarde en el Templo se celebrara la Primera Sesi\u00f3n del Grupo de Vida Ascendente.<\/p>\n\n\n\n<p><strong>CONGRESO LAICOS.<\/strong><\/p>\n\n\n\n<p>Los d\u00edas 27 y 28 de Noviembre se celebrara en Valencia el Congreso de Laicos en el Palacio de Congresos, la inscripci\u00f3n es de 3o Euros, quien este interesado que se ponga en contacto con el P\u00e1rroco, puede ser una gran experiencia.<\/p>\n\n\n\n<p><strong>FIESTA DE SAN MART\u00cdN DE PORRES<\/strong><\/p>\n\n\n\n<p>El d\u00eda 3, por la fiesta de San Mart\u00edn de Porres, despu\u00e9s de la misa, cena de bocadillo para todas las limpiadoras y colaboradores de limpieza en los locales!<\/p>\n\n\n\n<p><strong>El VOLUNTARIADO EN C\u00c1RITAS<\/strong><\/p>\n\n\n\n<p>Desde C\u00e1ritas Parroquial de Villar, queremos invitaros a la CHARLA sobre \u201cEL VOLUNTARIADO EN C\u00c1RITAS\u201d, que tendr\u00e1 lugar en los locales el d\u00eda 4 de noviembre a las 20.00h, en la que participar\u00e1 nuestra compa\u00f1era Mar\u00eda-Dolores Gand\u00eda, de C\u00e1ritas Diocesana de Valencia.<\/p>\n\n\n\n<p>Es una gran ocasi\u00f3n para conocer desde dentro la labor de C\u00e1ritas. Estais todos invitados, os esperamos. \u00a1NECESITAMOS M\u00c1S GENTE QUE DIGA SI!<\/p>\n\n\n\n<p><strong>LIMPIEZA MES DE NOVIEMBRE<\/strong><\/p>\n\n\n\n<p><strong>TEMPLO<\/strong><\/p>\n\n\n\n<p>Carmen Estevan Adri\u00e1n<\/p>\n\n\n\n<p>Conchin Silvestre Balaguer<\/p>\n\n\n\n<p>M. Paz Garc\u00eda Barrachina<\/p>\n\n\n\n<p>Reyes Estevan Adri\u00e1n<\/p>\n\n\n\n<p>M. Asunci\u00f3n Miralles Estevan<\/p>\n\n\n\n<p>Marilin Zaldivar Guerra<\/p>\n\n\n\n<p>Pilar Aparicio Molina<\/p>\n\n\n\n<p>M. Cruz Castellano Cervera<\/p>\n\n\n\n<p>M. Paz Usach Sanz<\/p>\n\n\n\n<p>Teresa Silvestre Balaguer<\/p>\n\n\n\n<p>COLABORADORAS EN PRODUCTOS LIMPIEZA<\/p>\n\n\n\n<p>Carmen Adri\u00e1n Estevan<\/p>\n\n\n\n<p><strong>LIMPIEZA DESPACHO<\/strong><\/p>\n\n\n\n<p><strong>DEL 1 AL 15<\/strong><\/p>\n\n\n\n<p>M. Carmen Moreno y Marilo Angulo<\/p>\n\n\n\n<p><strong>DEL 16 AL 30<\/strong><\/p>\n\n\n\n<p>Rocio Gil Gil y Pepita Torralba<\/p>\n\n\n\n<p><strong>ENCARGADAS DEL ACEITE<\/strong><\/p>\n\n\n\n<p>ROSA RODILLA TORTAJADA<\/p>\n\n\n\n<p>AMELIA MONTES DOMINGO<\/p>\n\n\n\n<p>SUFRAGIO DE PAZ ESTEVAN GARCIA<\/p>\n","protected":false},"excerpt":{"rendered":"<p>VIDA ASCENDENTE. El Pr\u00f3ximo Jueves d\u00eda 4 de Noviembre a las 17,30 Horas de la tarde en el Templo se celebrara la Primera Sesi\u00f3n del Grupo de Vida Ascendente. CONGRESO LAICOS. Los d\u00edas 27 y 28 de Noviembre se celebrara en Valencia el Congreso de Laicos en el Palacio de Congresos, la inscripci\u00f3n es de 3o Euros, quien este interesado&#8230;<\/p>\n<p> <a class=\"continue-reading-link\" href=\"https:\/\/iglesia-en-villar.es\/blog\/2021\/11\/01\/avisos-79\/\"><span>Leer m\u00e1s<\/span><i class=\"crycon-right-dir\"><\/i><\/a> <\/p>\n","protected":false},"author":53745,"featured_media":0,"comment_status":"open","ping_status":"open","sticky":false,"template":"","format":"standard","meta":{"inline_featured_image":false,"footnotes":""},"categories":[10],"tags":[],"class_list":["post-8619","post","type-post","status-publish","format-standard","hentry","category-avisos"],"better_featured_image":null,"read":true,"_links":{"self":[{"href":"https:\/\/iglesia-en-villar.es\/blog\/wp-json\/wp\/v2\/posts\/8619","targetHints":{"allow":["GET"]}}],"collection":[{"href":"https:\/\/iglesia-en-villar.es\/blog\/wp-json\/wp\/v2\/posts"}],"about":[{"href":"https:\/\/iglesia-en-villar.es\/blog\/wp-json\/wp\/v2\/types\/post"}],"author":[{"embeddable":true,"href":"https:\/\/iglesia-en-villar.es\/blog\/wp-json\/wp\/v2\/users\/53745"}],"replies":[{"embeddable":true,"href":"https:\/\/iglesia-en-villar.es\/blog\/wp-json\/wp\/v2\/comments?post=8619"}],"version-history":[{"count":1,"href":"https:\/\/iglesia-en-villar.es\/blog\/wp-json\/wp\/v2\/posts\/8619\/revisions"}],"predecessor-version":[{"id":8620,"href":"https:\/\/iglesia-en-villar.es\/blog\/wp-json\/wp\/v2\/posts\/8619\/revisions\/8620"}],"wp:attachment":[{"href":"https:\/\/iglesia-en-villar.es\/blog\/wp-json\/wp\/v2\/media?parent=8619"}],"wp:term":[{"taxonomy":"category","embeddable":true,"href":"https:\/\/iglesia-en-villar.es\/blog\/wp-json\/wp\/v2\/categories?post=8619"},{"taxonomy":"post_tag","embeddable":true,"href":"https:\/\/iglesia-en-villar.es\/blog\/wp-json\/wp\/v2\/tags?post=8619"}],"curies":[{"name":"wp","href":"https:\/\/api.w.org\/{rel}","templated":true}]}}