{"id":8621,"date":"2021-11-01T18:59:02","date_gmt":"2021-11-01T17:59:02","guid":{"rendered":"https:\/\/iglesia-en-villar.es\/blog\/?p=8621"},"modified":"2021-11-01T18:59:04","modified_gmt":"2021-11-01T17:59:04","slug":"intenciones-de-misas-18","status":"publish","type":"post","link":"https:\/\/iglesia-en-villar.es\/blog\/2021\/11\/01\/intenciones-de-misas-18\/","title":{"rendered":"Intenciones de Misas"},"content":{"rendered":"\n<p><strong>LUNES 1 FESTIVIDAD DE TODOS LOS SANTOS<\/strong><\/p>\n\n\n\n<p><strong>9 H CONVENTO<\/strong><\/p>\n\n\n\n<p><strong>12,00 H. MISA.<\/strong><\/p>\n\n\n\n<p><strong>COLECTA A FAVOR DE LOS DAMNIFICADOS DE LA PALMA.<\/strong><\/p>\n\n\n\n<p><strong>16,00 H TEMPLO REZO DEL SANTO ROSARIO HASTA EL CEMENTERIO.<\/strong><\/p>\n\n\n\n<p><strong>RESPONSO Y BENDICI\u00d3N DE TODAS LAS TUMBAS.<\/strong><\/p>\n\n\n\n<p><strong>19,00 H. TEMPLO VIGILIA Y ORACI\u00d3N POR TODOS LOS DIFUNTOS.<\/strong><\/p>\n\n\n\n<p><strong>MARTES <\/strong><strong>2<\/strong><\/p>\n\n\n\n<p>8,30 H. CONVENTO<\/p>\n\n\n\n<p>18,30 H. TEMPLO EXPOSICI\u00d3N Y V\u00cdSPERAS.<\/p>\n\n\n\n<p>19,00 H. MISA<\/p>\n\n\n\n<p>Por los Enfermos \u2013 Sufragio de: Angeles Palomar \u2013 Jose Alcaide y Angeles Barrachina \u2013 Paco y Paz y Familia \u2013 Difuntos de Concha y Tere \u2013 Vicente Belenguer Tortajada \u2013 Pascual Usach Alcaide \u2013 Fernando Serra y Josefina Garcia e hijo Jose Luis de Anita \u2013 Victoriano y Amparo y Mauricio -Difuntos Familia L\u00f3pez Lazaro \u2013 Sufragio Familia Roig Vanaclocha \u2013 Difuntos Familia Sanz Tomas \u2013 Difuntos Familia L\u00f3pez Garc\u00eda \u2013 Difuntos Familia Lamoncha P\u00e9rez \u2013 Difuntos Familia Rodilla \u2013 Tortajada \u2013 Difuntos Familia Estevan Adri\u00e1n \u2013 Difuntos Familia Iba\u00f1ez Lloris \u2013 Difuntos Familia Tortajada Iba\u00f1ez \u2013 Difuntos Familia L\u00f3pez Cervera.<\/p>\n\n\n\n<p><strong>MI\u00c9RCOLES 3<\/strong><\/p>\n\n\n\n<p>8,30 H. CONVENTO.<\/p>\n\n\n\n<p>18,30 H. TEMPLO REZO ROSARIO<\/p>\n\n\n\n<p>19,00 H. MISA.<\/p>\n\n\n\n<p>Sufragio Difuntos de Carmen \u2013 Acci\u00f3n de Gracias de las Limpiadoras del Templo a San Mart\u00edn de Porres.<\/p>\n\n\n\n<p><strong>JUEVES 4<\/strong><\/p>\n\n\n\n<p>8,30 H. CONVENTO.<\/p>\n\n\n\n<p>18,30 H. TEMPLO REZO ROSARIO<\/p>\n\n\n\n<p>19,00 H MISA.<\/p>\n\n\n\n<p>Sufragio de Jose Tortajada y Dolores Miralles \u2013 Pepe y Rosal\u00eda y su hijo Pepe.<\/p>\n\n\n\n<p><strong>VIERNES 5<\/strong><\/p>\n\n\n\n<p>8,30 H. CONVENTO.<\/p>\n\n\n\n<p>18,30 H. TEMPLO REZO ROSARIO<\/p>\n\n\n\n<p>19,00 H. MISA.<\/p>\n\n\n\n<p>Sufragio de Paz Tortajada M\u00ednguez \u2013 Al Corazon de Jesus de la Junta.<\/p>\n\n\n\n<p><strong>S\u00c1BADO<\/strong><strong>6<\/strong><\/p>\n\n\n\n<p>8,30 H. CONVENTO.<\/p>\n\n\n\n<p>19 H. TEMPLO REZO ROSARIO<\/p>\n\n\n\n<p>19,30 H. MISA.<\/p>\n\n\n\n<p>Sufragio de: Miguel Mart\u00ednez e Hijo y Familia \u2013 Manolita Tortajada y Padres \u2013 Manuel Tortajada Estevan \u2013 Maria Gordo Mont\u00f3n y Miguel Luz \u2013 Mauricio Luz \u2013 Alfonso Cuenca y Agustina Cervera.<\/p>\n\n\n\n<p><strong>DOMINGO <\/strong><strong>7<\/strong><\/p>\n\n\n\n<p>9 H. CONVENTO.<\/p>\n\n\n\n<p>12,30 H TEMPLO.<\/p>\n\n\n\n<p>Misa Pro-Populo.<\/p>\n","protected":false},"excerpt":{"rendered":"<p>LUNES 1 FESTIVIDAD DE TODOS LOS SANTOS 9 H CONVENTO 12,00 H. MISA. COLECTA A FAVOR DE LOS DAMNIFICADOS DE LA PALMA. 16,00 H TEMPLO REZO DEL SANTO ROSARIO HASTA EL CEMENTERIO. RESPONSO Y BENDICI\u00d3N DE TODAS LAS TUMBAS. 19,00 H. TEMPLO VIGILIA Y ORACI\u00d3N POR TODOS LOS DIFUNTOS. MARTES 2 8,30 H. CONVENTO 18,30 H. TEMPLO EXPOSICI\u00d3N Y V\u00cdSPERAS&#8230;.<\/p>\n<p> <a class=\"continue-reading-link\" href=\"https:\/\/iglesia-en-villar.es\/blog\/2021\/11\/01\/intenciones-de-misas-18\/\"><span>Leer m\u00e1s<\/span><i class=\"crycon-right-dir\"><\/i><\/a> <\/p>\n","protected":false},"author":53745,"featured_media":0,"comment_status":"open","ping_status":"open","sticky":false,"template":"","format":"standard","meta":{"inline_featured_image":false,"footnotes":""},"categories":[3],"tags":[],"class_list":["post-8621","post","type-post","status-publish","format-standard","hentry","category-intenciones"],"better_featured_image":null,"read":true,"_links":{"self":[{"href":"https:\/\/iglesia-en-villar.es\/blog\/wp-json\/wp\/v2\/posts\/8621","targetHints":{"allow":["GET"]}}],"collection":[{"href":"https:\/\/iglesia-en-villar.es\/blog\/wp-json\/wp\/v2\/posts"}],"about":[{"href":"https:\/\/iglesia-en-villar.es\/blog\/wp-json\/wp\/v2\/types\/post"}],"author":[{"embeddable":true,"href":"https:\/\/iglesia-en-villar.es\/blog\/wp-json\/wp\/v2\/users\/53745"}],"replies":[{"embeddable":true,"href":"https:\/\/iglesia-en-villar.es\/blog\/wp-json\/wp\/v2\/comments?post=8621"}],"version-history":[{"count":1,"href":"https:\/\/iglesia-en-villar.es\/blog\/wp-json\/wp\/v2\/posts\/8621\/revisions"}],"predecessor-version":[{"id":8622,"href":"https:\/\/iglesia-en-villar.es\/blog\/wp-json\/wp\/v2\/posts\/8621\/revisions\/8622"}],"wp:attachment":[{"href":"https:\/\/iglesia-en-villar.es\/blog\/wp-json\/wp\/v2\/media?parent=8621"}],"wp:term":[{"taxonomy":"category","embeddable":true,"href":"https:\/\/iglesia-en-villar.es\/blog\/wp-json\/wp\/v2\/categories?post=8621"},{"taxonomy":"post_tag","embeddable":true,"href":"https:\/\/iglesia-en-villar.es\/blog\/wp-json\/wp\/v2\/tags?post=8621"}],"curies":[{"name":"wp","href":"https:\/\/api.w.org\/{rel}","templated":true}]}}