{"id":8696,"date":"2021-12-04T11:50:52","date_gmt":"2021-12-04T10:50:52","guid":{"rendered":"https:\/\/iglesia-en-villar.es\/blog\/?p=8696"},"modified":"2021-12-04T11:50:54","modified_gmt":"2021-12-04T10:50:54","slug":"editorial-93","status":"publish","type":"post","link":"https:\/\/iglesia-en-villar.es\/blog\/2021\/12\/04\/editorial-93\/","title":{"rendered":"Editorial"},"content":{"rendered":"\n<p class=\"has-text-align-center\"><strong>\u00a1BENDITA SEA SU INMACULADA CONCEPCI\u00d3N!<\/strong><\/p>\n\n\n\n<p>Nos acercamos en estos d\u00edas de Adviento a una de las Solemnidades con m\u00e1s arraigo e historia que celebramos en nuestro a\u00f1o lit\u00fargico, la Inmaculada Concepci\u00f3n de Mar\u00eda.<\/p>\n\n\n\n<p>Si nos preguntamos qu\u00e9 debate teol\u00f3gico ha marcado la historia de nuestro pa\u00eds en todos los aspectos, incluso en los m\u00e1s cotidianos e intrascendentes, Espa\u00f1a solo puede responder rememorando el dogma inmaculista, del que nuestro pa\u00eds fue defensor y adalid durante siglos en toda Europa.<\/p>\n\n\n\n<p>La Concepci\u00f3n Pur\u00edsima de Mar\u00eda ha sido motivo de movimientos sociales, acciones pol\u00edticas, transformaciones eclesiales, e incluso nacimiento de nuevos carismas en la vida religiosa. La historia de nuestro pa\u00eds est\u00e1 marcada de una forma inequ\u00edvoca por esta verdad de fe, que tras largos a\u00f1os de debate teol\u00f3gico y de enfrentamiento entre distintas corrientes, fue proclamado con Solemnidad en el a\u00f1o 1854 por el Papa P\u00edo IX.<\/p>\n\n\n\n<p>Expresi\u00f3n de esta historia es algo muy sencillo. En la entrada de cada hogar, durante muchos a\u00f1os ha habido una luz con una imagen de la Virgen llamada coloquialmente \u201cel Ave Mar\u00eda\u201d. Su funci\u00f3n, m\u00e1s all\u00e1 de alumbrar, consist\u00eda en recordarnos que el saludo del cristiano al entrar en el hogar era la aclamaci\u00f3n \u201cAve Mar\u00eda Pur\u00edsima\u201d, a lo que el habitante respond\u00eda \u201csin pecado concebida\u201d, manteniendo como caracter\u00edstica de nuestra vivencia de la fe esta estrecha relaci\u00f3n con la Pur\u00edsima Concepci\u00f3n.<\/p>\n\n\n\n<p>Un hecho muy significativo es que, en nuestro pa\u00eds, a diferencia de la mayor\u00eda de naciones, no existe un templo nacional representativo donde se venere una imagen \u201cconcreta\u201d de Mar\u00eda Inmaculada, no tenemos un santuario de la patrona de Espa\u00f1a. Esto tiene su respuesta en que la vivencia de la devoci\u00f3n a la Inmaculada hizo que cada parroquia, cada comunidad cristiana, en la gran mayor\u00eda de templos, exista una imagen y un altar de la Pur\u00edsima, invitaci\u00f3n impl\u00edcita a que consigamos que en cada comunidad se cuide, se transmita y se asegure el culto y la devoci\u00f3n a Mar\u00eda Inmaculada. (En Villar incluso, comparte la importancia de la Capilla del Sant\u00edsimo Sacramento).<\/p>\n\n\n\n<p>No obstante, en las \u00faltimas d\u00e9cadas, hemos sufrido una gran desafecci\u00f3n a nivel de las comunidades cristianas por la celebraci\u00f3n de esta gran fiesta de Mar\u00eda. La devoci\u00f3n a la Inmaculada se ha ido olvidando; parece que la ca\u00edda de las congregaciones de Hijas de Mar\u00eda, y en muchos casos, la confusi\u00f3n con el Patronazgo de Espa\u00f1a por parte de muchos ciudadanos, ha diluido esta festividad en su celebraci\u00f3n comunitaria, y la ha convertido en una mera oportunidad de conseguir un d\u00eda festivo cercano a la fiesta civil de la Constituci\u00f3n.<\/p>\n\n\n\n<p>Quisiera animar a toda la comunidad parroquial a que vivamos con intensidad y con gozo esta fiesta que pertenece al patrimonio religioso y espiritual de la Iglesia de Espa\u00f1a, y que es fruto del compromiso de nuestros mayores, que hace siglos defendieron con ah\u00ednco esta verdad de fe. Este d\u00eda, el 8 de Diciembre, es festivo porque los cristianos de Espa\u00f1a celebramos a nuestra patrona, la Inmaculada Concepci\u00f3n, y as\u00ed lo manifestamos al compartir con gozo el pan de la Eucarist\u00eda.<\/p>\n\n\n\n<p>Que el mundo conozca y entienda porque esa jornada es un d\u00eda grande para el pueblo cristiano, tambi\u00e9n para esta comunidad que camina fiel a Cristo en Villar de Arzobispo. Que Mar\u00eda Inmaculada sea siempre nuestro est\u00edmulo para vivir confiando en el poder de Dios que manifiesta su grandeza en todas sus criaturas, como lo hizo de forma privilegiada en Mar\u00eda desde el instante de su pura y limpia concepci\u00f3n.<\/p>\n\n\n\n<p>\u00a1Ave Mar\u00eda Pur\u00edsima!<\/p>\n\n\n\n<p class=\"has-text-align-right\"><strong>Vuestro Parroco, Quique<\/strong><\/p>\n","protected":false},"excerpt":{"rendered":"<p>\u00a1BENDITA SEA SU INMACULADA CONCEPCI\u00d3N! Nos acercamos en estos d\u00edas de Adviento a una de las Solemnidades con m\u00e1s arraigo e historia que celebramos en nuestro a\u00f1o lit\u00fargico, la Inmaculada Concepci\u00f3n de Mar\u00eda. Si nos preguntamos qu\u00e9 debate teol\u00f3gico ha marcado la historia de nuestro pa\u00eds en todos los aspectos, incluso en los m\u00e1s cotidianos e intrascendentes, Espa\u00f1a solo puede&#8230;<\/p>\n<p> <a class=\"continue-reading-link\" href=\"https:\/\/iglesia-en-villar.es\/blog\/2021\/12\/04\/editorial-93\/\"><span>Leer m\u00e1s<\/span><i class=\"crycon-right-dir\"><\/i><\/a> <\/p>\n","protected":false},"author":53745,"featured_media":8694,"comment_status":"open","ping_status":"open","sticky":false,"template":"","format":"standard","meta":{"inline_featured_image":false,"footnotes":""},"categories":[13],"tags":[],"class_list":["post-8696","post","type-post","status-publish","format-standard","has-post-thumbnail","hentry","category-editorial"],"better_featured_image":{"id":8694,"alt_text":"","caption":"","description":"","media_type":"image","media_details":{"width":791,"height":1984,"file":"2021\/12\/WhatsApp-Image-2021-12-02-at-22.31.13.jpeg","sizes":{"medium":{"file":"WhatsApp-Image-2021-12-02-at-22.31.13-120x300.jpeg","width":120,"height":300,"mime-type":"image\/jpeg","source_url":"https:\/\/iglesia-en-villar.es\/blog\/wp-content\/uploads\/2021\/12\/WhatsApp-Image-2021-12-02-at-22.31.13-120x300.jpeg"},"large":{"file":"WhatsApp-Image-2021-12-02-at-22.31.13-408x1024.jpeg","width":408,"height":1024,"mime-type":"image\/jpeg","source_url":"https:\/\/iglesia-en-villar.es\/blog\/wp-content\/uploads\/2021\/12\/WhatsApp-Image-2021-12-02-at-22.31.13-408x1024.jpeg"},"thumbnail":{"file":"WhatsApp-Image-2021-12-02-at-22.31.13-150x150.jpeg","width":150,"height":150,"mime-type":"image\/jpeg","source_url":"https:\/\/iglesia-en-villar.es\/blog\/wp-content\/uploads\/2021\/12\/WhatsApp-Image-2021-12-02-at-22.31.13-150x150.jpeg"},"medium_large":{"file":"WhatsApp-Image-2021-12-02-at-22.31.13-768x1926.jpeg","width":768,"height":1926,"mime-type":"image\/jpeg","source_url":"https:\/\/iglesia-en-villar.es\/blog\/wp-content\/uploads\/2021\/12\/WhatsApp-Image-2021-12-02-at-22.31.13-768x1926.jpeg"},"1536x1536":{"file":"WhatsApp-Image-2021-12-02-at-22.31.13-612x1536.jpeg","width":612,"height":1536,"mime-type":"image\/jpeg","source_url":"https:\/\/iglesia-en-villar.es\/blog\/wp-content\/uploads\/2021\/12\/WhatsApp-Image-2021-12-02-at-22.31.13-612x1536.jpeg"},"post-thumbnail":{"file":"WhatsApp-Image-2021-12-02-at-22.31.13-60x150.jpeg","width":60,"height":150,"mime-type":"image\/jpeg","source_url":"https:\/\/iglesia-en-villar.es\/blog\/wp-content\/uploads\/2021\/12\/WhatsApp-Image-2021-12-02-at-22.31.13-60x150.jpeg"},"header":{"file":"WhatsApp-Image-2021-12-02-at-22.31.13-791x230.jpeg","width":791,"height":230,"mime-type":"image\/jpeg","source_url":"https:\/\/iglesia-en-villar.es\/blog\/wp-content\/uploads\/2021\/12\/WhatsApp-Image-2021-12-02-at-22.31.13-791x230.jpeg"},"slider":{"file":"WhatsApp-Image-2021-12-02-at-22.31.13-791x580.jpeg","width":791,"height":580,"mime-type":"image\/jpeg","source_url":"https:\/\/iglesia-en-villar.es\/blog\/wp-content\/uploads\/2021\/12\/WhatsApp-Image-2021-12-02-at-22.31.13-791x580.jpeg"},"columns":{"file":"WhatsApp-Image-2021-12-02-at-22.31.13-330x300.jpeg","width":330,"height":300,"mime-type":"image\/jpeg","source_url":"https:\/\/iglesia-en-villar.es\/blog\/wp-content\/uploads\/2021\/12\/WhatsApp-Image-2021-12-02-at-22.31.13-330x300.jpeg"},"custom":{"file":"WhatsApp-Image-2021-12-02-at-22.31.13-250x627.jpeg","width":250,"height":627,"mime-type":"image\/jpeg","source_url":"https:\/\/iglesia-en-villar.es\/blog\/wp-content\/uploads\/2021\/12\/WhatsApp-Image-2021-12-02-at-22.31.13-250x627.jpeg"}},"image_meta":{"aperture":"0","credit":"","camera":"","caption":"","created_timestamp":"0","copyright":"","focal_length":"0","iso":"0","shutter_speed":"0","title":"","orientation":"0","keywords":[]}},"post":null,"source_url":"https:\/\/iglesia-en-villar.es\/blog\/wp-content\/uploads\/2021\/12\/WhatsApp-Image-2021-12-02-at-22.31.13.jpeg"},"read":true,"_links":{"self":[{"href":"https:\/\/iglesia-en-villar.es\/blog\/wp-json\/wp\/v2\/posts\/8696","targetHints":{"allow":["GET"]}}],"collection":[{"href":"https:\/\/iglesia-en-villar.es\/blog\/wp-json\/wp\/v2\/posts"}],"about":[{"href":"https:\/\/iglesia-en-villar.es\/blog\/wp-json\/wp\/v2\/types\/post"}],"author":[{"embeddable":true,"href":"https:\/\/iglesia-en-villar.es\/blog\/wp-json\/wp\/v2\/users\/53745"}],"replies":[{"embeddable":true,"href":"https:\/\/iglesia-en-villar.es\/blog\/wp-json\/wp\/v2\/comments?post=8696"}],"version-history":[{"count":1,"href":"https:\/\/iglesia-en-villar.es\/blog\/wp-json\/wp\/v2\/posts\/8696\/revisions"}],"predecessor-version":[{"id":8697,"href":"https:\/\/iglesia-en-villar.es\/blog\/wp-json\/wp\/v2\/posts\/8696\/revisions\/8697"}],"wp:featuredmedia":[{"embeddable":true,"href":"https:\/\/iglesia-en-villar.es\/blog\/wp-json\/wp\/v2\/media\/8694"}],"wp:attachment":[{"href":"https:\/\/iglesia-en-villar.es\/blog\/wp-json\/wp\/v2\/media?parent=8696"}],"wp:term":[{"taxonomy":"category","embeddable":true,"href":"https:\/\/iglesia-en-villar.es\/blog\/wp-json\/wp\/v2\/categories?post=8696"},{"taxonomy":"post_tag","embeddable":true,"href":"https:\/\/iglesia-en-villar.es\/blog\/wp-json\/wp\/v2\/tags?post=8696"}],"curies":[{"name":"wp","href":"https:\/\/api.w.org\/{rel}","templated":true}]}}