{"id":8708,"date":"2021-12-10T12:11:57","date_gmt":"2021-12-10T11:11:57","guid":{"rendered":"https:\/\/iglesia-en-villar.es\/blog\/?p=8708"},"modified":"2021-12-10T12:11:59","modified_gmt":"2021-12-10T11:11:59","slug":"editorial-94","status":"publish","type":"post","link":"https:\/\/iglesia-en-villar.es\/blog\/2021\/12\/10\/editorial-94\/","title":{"rendered":"Editorial"},"content":{"rendered":"\n<h1 class=\"has-text-align-center wp-block-heading\"><strong>Enviados para anunciar la Buena noticia<\/strong><\/h1>\n\n\n\n<p>De nuevo en este a\u00f1o, el pr\u00f3ximo s\u00e1bado recibir\u00e1n el sacramento de la Confirmaci\u00f3n un grupo de j\u00f3venes de nuestra comunidad cristiana. Y lo har\u00e1n con la conciencia de que se convierten en cristianos adultos para vivir la fe y para ser anunciadores de esta buena noticia que es el Evangelio de Jesucristo, la gran noticia del amor ilimitado de Dios que \u00e9l nos anunci\u00f3.<\/p>\n\n\n\n<p>Este amor de Jesucristo que da vida y empuja a dar la vida es lo que el Esp\u00edritu les ense\u00f1ar\u00e1 a experimentar y a comunicar por este sacramento con el que culminan su iniciaci\u00f3n cristiana (a nivel sacramental, claro est\u00e1). No obstante, no son enviados a convertirse en cristianos aut\u00f3nomos, a buscarse la vida a nivel de fe, sino que, al confirmarse aqu\u00ed, junto a nosotros, su fe queda vinculada a esta comunidad cristiana de Villar del Arzobispo.<\/p>\n\n\n\n<p>Y he aqu\u00ed que aparece el reto y los interrogantes, para el p\u00e1rroco, y en extensi\u00f3n para todos los que nos sentimos parte de la parroquia. \u00bfC\u00f3mo los recibimos? \u00bfQu\u00e9 es lo que les ofrecemos? \u00bfC\u00f3mo podemos tratarles y mostrarnos cercanos a ellos para que puedan sentirse como en familia, en su propia casa?<\/p>\n\n\n\n<p>Creo que es mucho m\u00e1s recomendable y positivo que transformemos la posible queja o lamento de la ausencia de los j\u00f3venes en una motivaci\u00f3n para plantear un trabajo efectivo con la mirada dirigida hacia el futuro de la comunidad.<\/p>\n\n\n\n<p>Esta situaci\u00f3n, en primer lugar, debe hacernos conscientes de que necesitamos a las generaciones que vienen tras nosotros para que la fuerza del Evangelio siga viva en nuestro pueblo. Junto a esto, no debemos detenernos en un deseo de renovar y actualizar la estructura parroquial de forma en que tambi\u00e9n los que llegan puedan encontrar su sitio, y vivir la fe junto a su comunidad.<\/p>\n\n\n\n<p>Es clave tambi\u00e9n concienciarnos y tomar parte en nuestra tarea misionera y evangelizadora, que puedan ver los j\u00f3venes como a quienes ya estamos aqu\u00ed nos ilusiona y nos motiva la posibilidad de dar a conocer a Jesucristo, que es para nosotros algo fundamental propiciar este encuentro entre la persona y Jesucristo que da sentido a la vida.<\/p>\n\n\n\n<p>Es fundamental adem\u00e1s que puedan ver en nosotros una familia unida que se cuida, se arropa y comparte todo cuanto tiene y vive: gozos, tristezas, alegr\u00edas, dificultades\u2026 que se sientan atendidos e importantes para la comunidad que los recibe, y que cuenta con ellos para multitud de iniciativas, proyectos y misiones concretas. Que tengas as\u00ed experiencia en primera persona de la Iglesia, y de sentirse parte de la misma.<\/p>\n\n\n\n<p>Son muchas las cosas que podemos pensar juntos, proponer, iniciar\u2026 pero es fundamental que demostremos que la fe es el motor y el sustento de nuestra vida, que Dios ocupar en nuestra lista de prioridades el primer lugar\u2026 \u00bfQui\u00e9n est\u00e1 dispuesto a darse y darlo todo por Cristo?<\/p>\n\n\n\n<p>Quique, vuestro p\u00e1rroco.<\/p>\n","protected":false},"excerpt":{"rendered":"<p>Enviados para anunciar la Buena noticia De nuevo en este a\u00f1o, el pr\u00f3ximo s\u00e1bado recibir\u00e1n el sacramento de la Confirmaci\u00f3n un grupo de j\u00f3venes de nuestra comunidad cristiana. Y lo har\u00e1n con la conciencia de que se convierten en cristianos adultos para vivir la fe y para ser anunciadores de esta buena noticia que es el Evangelio de Jesucristo, la&#8230;<\/p>\n<p> <a class=\"continue-reading-link\" href=\"https:\/\/iglesia-en-villar.es\/blog\/2021\/12\/10\/editorial-94\/\"><span>Leer m\u00e1s<\/span><i class=\"crycon-right-dir\"><\/i><\/a> <\/p>\n","protected":false},"author":53745,"featured_media":8707,"comment_status":"open","ping_status":"open","sticky":false,"template":"","format":"standard","meta":{"inline_featured_image":false,"footnotes":""},"categories":[13],"tags":[],"class_list":["post-8708","post","type-post","status-publish","format-standard","has-post-thumbnail","hentry","category-editorial"],"better_featured_image":{"id":8707,"alt_text":"","caption":"","description":"","media_type":"image","media_details":{"width":289,"height":400,"file":"2021\/12\/espiritu-santo-segrelles.jpeg","sizes":{"medium":{"file":"espiritu-santo-segrelles-217x300.jpeg","width":217,"height":300,"mime-type":"image\/jpeg","source_url":"https:\/\/iglesia-en-villar.es\/blog\/wp-content\/uploads\/2021\/12\/espiritu-santo-segrelles-217x300.jpeg"},"thumbnail":{"file":"espiritu-santo-segrelles-150x150.jpeg","width":150,"height":150,"mime-type":"image\/jpeg","source_url":"https:\/\/iglesia-en-villar.es\/blog\/wp-content\/uploads\/2021\/12\/espiritu-santo-segrelles-150x150.jpeg"},"post-thumbnail":{"file":"espiritu-santo-segrelles-108x150.jpeg","width":108,"height":150,"mime-type":"image\/jpeg","source_url":"https:\/\/iglesia-en-villar.es\/blog\/wp-content\/uploads\/2021\/12\/espiritu-santo-segrelles-108x150.jpeg"},"header":{"file":"espiritu-santo-segrelles-289x230.jpeg","width":289,"height":230,"mime-type":"image\/jpeg","source_url":"https:\/\/iglesia-en-villar.es\/blog\/wp-content\/uploads\/2021\/12\/espiritu-santo-segrelles-289x230.jpeg"},"columns":{"file":"espiritu-santo-segrelles-289x300.jpeg","width":289,"height":300,"mime-type":"image\/jpeg","source_url":"https:\/\/iglesia-en-villar.es\/blog\/wp-content\/uploads\/2021\/12\/espiritu-santo-segrelles-289x300.jpeg"},"custom":{"file":"espiritu-santo-segrelles-250x346.jpeg","width":250,"height":346,"mime-type":"image\/jpeg","source_url":"https:\/\/iglesia-en-villar.es\/blog\/wp-content\/uploads\/2021\/12\/espiritu-santo-segrelles-250x346.jpeg"}},"image_meta":{"aperture":"0","credit":"","camera":"","caption":"","created_timestamp":"0","copyright":"","focal_length":"0","iso":"0","shutter_speed":"0","title":"","orientation":"0","keywords":[]}},"post":null,"source_url":"https:\/\/iglesia-en-villar.es\/blog\/wp-content\/uploads\/2021\/12\/espiritu-santo-segrelles.jpeg"},"read":true,"_links":{"self":[{"href":"https:\/\/iglesia-en-villar.es\/blog\/wp-json\/wp\/v2\/posts\/8708","targetHints":{"allow":["GET"]}}],"collection":[{"href":"https:\/\/iglesia-en-villar.es\/blog\/wp-json\/wp\/v2\/posts"}],"about":[{"href":"https:\/\/iglesia-en-villar.es\/blog\/wp-json\/wp\/v2\/types\/post"}],"author":[{"embeddable":true,"href":"https:\/\/iglesia-en-villar.es\/blog\/wp-json\/wp\/v2\/users\/53745"}],"replies":[{"embeddable":true,"href":"https:\/\/iglesia-en-villar.es\/blog\/wp-json\/wp\/v2\/comments?post=8708"}],"version-history":[{"count":1,"href":"https:\/\/iglesia-en-villar.es\/blog\/wp-json\/wp\/v2\/posts\/8708\/revisions"}],"predecessor-version":[{"id":8709,"href":"https:\/\/iglesia-en-villar.es\/blog\/wp-json\/wp\/v2\/posts\/8708\/revisions\/8709"}],"wp:featuredmedia":[{"embeddable":true,"href":"https:\/\/iglesia-en-villar.es\/blog\/wp-json\/wp\/v2\/media\/8707"}],"wp:attachment":[{"href":"https:\/\/iglesia-en-villar.es\/blog\/wp-json\/wp\/v2\/media?parent=8708"}],"wp:term":[{"taxonomy":"category","embeddable":true,"href":"https:\/\/iglesia-en-villar.es\/blog\/wp-json\/wp\/v2\/categories?post=8708"},{"taxonomy":"post_tag","embeddable":true,"href":"https:\/\/iglesia-en-villar.es\/blog\/wp-json\/wp\/v2\/tags?post=8708"}],"curies":[{"name":"wp","href":"https:\/\/api.w.org\/{rel}","templated":true}]}}