{"id":8787,"date":"2022-01-21T13:08:43","date_gmt":"2022-01-21T12:08:43","guid":{"rendered":"https:\/\/iglesia-en-villar.es\/blog\/?p=8787"},"modified":"2022-01-21T13:08:44","modified_gmt":"2022-01-21T12:08:44","slug":"intenciones-de-misa-90","status":"publish","type":"post","link":"https:\/\/iglesia-en-villar.es\/blog\/2022\/01\/21\/intenciones-de-misa-90\/","title":{"rendered":"Intenciones de Misa"},"content":{"rendered":"\n<p><strong>LUNES 24<\/strong><\/p>\n\n\n\n<p><strong>FESTIVIDAD DE LA VIRGEN DE LA PAZ<\/strong><\/p>\n\n\n\n<p><strong>6 H. CANTO DE LA AURORA<\/strong><\/p>\n\n\n\n<p><strong>8 H. ROSARIO DE LA AURORA.<\/strong><\/p>\n\n\n\n<p><strong>9 H TEMPLO MISA \u2013 <\/strong>Acci\u00f3n de gracias a la Virgen de la Paz de una devota.<\/p>\n\n\n\n<p><strong>12 H TEMPLO<\/strong><\/p>\n\n\n\n<p><strong>MISA SOLEMNE EN ACCI\u00d3N DE GRACIAS A LA VIRGEN DE LA PAZ<\/strong><\/p>\n\n\n\n<p><strong>18,30 H. MISA DE ANDEROS<\/strong>\u2013 Sufragio de: Fernando, Josefina y Jose Luis de Anita \u2013 Pablo Rochina y Padres Angel y Severina \u2013 Manuel P\u00e9rez y Sobrino \u2013 Paco y Paz \u2013 Paz L\u00f3pez Adri\u00e1n y Familia \u2013 Rosal\u00eda y Familia \u2013 Mari Carmen Zan\u00f3n Domingo de Anita &#8211; Acci\u00f3n de Gracias a la Virgen de la Paz de \u00c1ngeles \u2013 Acci\u00f3n de Gracias a la Virgen de la Paz de Mari Carmen \u2013 Acci\u00f3n de gracias a la Virgen de la Paz.<\/p>\n\n\n\n<p><strong>A CONTINUACI\u00d3N PROCESI\u00d3N DE LA SAGRADA IMAGEN DE LA VIRGEN DE LA PAZ<\/strong><\/p>\n\n\n\n<p><strong>MARTES 25 FESTIVIDAD DE LAS SANTAS RELIQUIAS<\/strong><\/p>\n\n\n\n<p>8,30 H CONVENTO<\/p>\n\n\n\n<p>18,30 H. TEMPLO REZO ROSARIO.<\/p>\n\n\n\n<p>19,00 H. MISA SOLEMNE. Acci\u00f3n de Gracias a la Virgen de la Paz de una devota.<\/p>\n\n\n\n<p><strong>A CONTINUACI\u00d3N PROCESI\u00d3N<\/strong><\/p>\n\n\n\n<p><strong>MI\u00c9RCOLES 26 CONMEMORACI\u00d3N DE LOS FIELES DIFUNTOS DE VILLAR DEL ARZOBISPO<\/strong><\/p>\n\n\n\n<p>8,30 H CONVENTO<\/p>\n\n\n\n<p>18,30 H TEMPLO REZO ROSARIO.<\/p>\n\n\n\n<p>19,00 H. MISA. Por los Fieles Difuntos &#8211; Sufragio M. Paz Molina Tortajada.<\/p>\n\n\n\n<p><strong>JUEVES 27<\/strong><\/p>\n\n\n\n<p>8,30 H CONVENTO<\/p>\n\n\n\n<p>18,30 H TEMPLO REZO DEL ROSARIO<\/p>\n\n\n\n<p>19,00 H MISA Y ADORACI\u00d3N EUCAR\u00cdSTICA. Por los enfermos.<\/p>\n\n\n\n<p><strong>VIERNES 28<\/strong><\/p>\n\n\n\n<p>8,30 H CONVENTO<\/p>\n\n\n\n<p>18,30 H TEMPLO REZO ROSARIO.<\/p>\n\n\n\n<p>19,00 H. MISA. Sufragio de Silvio di sipio.<\/p>\n\n\n\n<p><strong>S\u00c1BADO 29<\/strong><\/p>\n\n\n\n<p>8,30 H CONVENTO<\/p>\n\n\n\n<p>19,00 H TEMPLO REZO ROSARIO.<\/p>\n\n\n\n<p>19,30 H. MISA. Sufragio de: Matrimonio Jose Tortajada y Manuela Anton \u2013 Difuntos de Paz \u2013 Matrimonio Miguel Balaguer y Pilar Miralles \u2013 Maria Angela Herrero Peralta.<\/p>\n\n\n\n<p><strong>DOMINGO 30<\/strong><\/p>\n\n\n\n<p>9 H. CONVENTO.<\/p>\n\n\n\n<p>12,30 H TEMPLO. Misa de ni\u00f1os y familias.<\/p>\n","protected":false},"excerpt":{"rendered":"<p>LUNES 24 FESTIVIDAD DE LA VIRGEN DE LA PAZ 6 H. CANTO DE LA AURORA 8 H. ROSARIO DE LA AURORA. 9 H TEMPLO MISA \u2013 Acci\u00f3n de gracias a la Virgen de la Paz de una devota. 12 H TEMPLO MISA SOLEMNE EN ACCI\u00d3N DE GRACIAS A LA VIRGEN DE LA PAZ 18,30 H. MISA DE ANDEROS\u2013 Sufragio de:&#8230;<\/p>\n<p> <a class=\"continue-reading-link\" href=\"https:\/\/iglesia-en-villar.es\/blog\/2022\/01\/21\/intenciones-de-misa-90\/\"><span>Leer m\u00e1s<\/span><i class=\"crycon-right-dir\"><\/i><\/a> <\/p>\n","protected":false},"author":53745,"featured_media":0,"comment_status":"open","ping_status":"open","sticky":false,"template":"","format":"standard","meta":{"inline_featured_image":false,"footnotes":""},"categories":[3],"tags":[],"class_list":["post-8787","post","type-post","status-publish","format-standard","hentry","category-intenciones"],"better_featured_image":null,"read":true,"_links":{"self":[{"href":"https:\/\/iglesia-en-villar.es\/blog\/wp-json\/wp\/v2\/posts\/8787","targetHints":{"allow":["GET"]}}],"collection":[{"href":"https:\/\/iglesia-en-villar.es\/blog\/wp-json\/wp\/v2\/posts"}],"about":[{"href":"https:\/\/iglesia-en-villar.es\/blog\/wp-json\/wp\/v2\/types\/post"}],"author":[{"embeddable":true,"href":"https:\/\/iglesia-en-villar.es\/blog\/wp-json\/wp\/v2\/users\/53745"}],"replies":[{"embeddable":true,"href":"https:\/\/iglesia-en-villar.es\/blog\/wp-json\/wp\/v2\/comments?post=8787"}],"version-history":[{"count":1,"href":"https:\/\/iglesia-en-villar.es\/blog\/wp-json\/wp\/v2\/posts\/8787\/revisions"}],"predecessor-version":[{"id":8788,"href":"https:\/\/iglesia-en-villar.es\/blog\/wp-json\/wp\/v2\/posts\/8787\/revisions\/8788"}],"wp:attachment":[{"href":"https:\/\/iglesia-en-villar.es\/blog\/wp-json\/wp\/v2\/media?parent=8787"}],"wp:term":[{"taxonomy":"category","embeddable":true,"href":"https:\/\/iglesia-en-villar.es\/blog\/wp-json\/wp\/v2\/categories?post=8787"},{"taxonomy":"post_tag","embeddable":true,"href":"https:\/\/iglesia-en-villar.es\/blog\/wp-json\/wp\/v2\/tags?post=8787"}],"curies":[{"name":"wp","href":"https:\/\/api.w.org\/{rel}","templated":true}]}}