{"id":8791,"date":"2022-01-21T13:28:50","date_gmt":"2022-01-21T12:28:50","guid":{"rendered":"https:\/\/iglesia-en-villar.es\/blog\/?p=8791"},"modified":"2022-01-21T13:34:18","modified_gmt":"2022-01-21T12:34:18","slug":"editorial-100","status":"publish","type":"post","link":"https:\/\/iglesia-en-villar.es\/blog\/2022\/01\/21\/editorial-100\/","title":{"rendered":"Editorial"},"content":{"rendered":"\n<h1 class=\"has-text-align-center wp-block-heading\">Si tanto os debe el Villar \u2026<\/h1>\n\n\n\n<p><em><strong>Virgen triunfante y gloriosa, acogednos amorosa cuando os vamos a buscar\u2026<\/strong><\/em><\/p>\n\n\n\n<p>Hay d\u00edas y celebraciones que acu\u00f1an la identidad de un pueblo y de una comunidad cristiana. Es lo que ocurre en Villar con la llegada de la fiesta de nuestra madre, la Virgen de la Paz. Alrededor de la madre se pone en marcha todo el engranaje social, asociativo, pastoral, y comunitario de Villar del Arzobispo. Es un pueblo movilizado y animado por la devoci\u00f3n que secularmente le profesa este pueblo a su patrona.<\/p>\n\n\n\n<p>Son d\u00edas marcados por el reencuentro, por la celebraci\u00f3n, por la alegr\u00eda de todos aquellos que son congregados por la Virgen: familias, grupos de amigos, villarenses ausentes, sacerdotes vinculados a Villar del Arzobispo\u2026 Todo nos lleva a cruzar la mirada con el tierno rostro de nuestra madre, dej\u00e1ndonos acariciar por ella, y sinti\u00e9ndonos por la Virgen queridos, comprendidos, y acogidos.<\/p>\n\n\n\n<p>Desde estas l\u00edneas de la hoja parroquial quero aprovechar como p\u00e1rroco para invitaros a que nos unamos en la celebraci\u00f3n de nuestra fe, agradeciendo la ayuda e intercesi\u00f3n que la Virgen de la Paz derrama sobre su pueblo, sus hijos, sus familias\u2026 Una acci\u00f3n de gracias que podemos vivir de forma \u00fanica en la celebraci\u00f3n de la Eucarist\u00eda, que es el centro de esta fiesta de la Virgen. En las tres misas del d\u00eda de su fiesta, vivimos, expresamos y agradecemos nuestra fe, que nos hace sentirnos hermanos, miembros de una misma comunidad cristiana, e hijos de esta buena madre.<\/p>\n\n\n\n<p>Ya por la tarde, esto celebrado en la Eucarist\u00eda lo expresaremos y manifestaremos p\u00fablicamente en la solemne procesi\u00f3n de la venerada imagen de la Virgen. Participar en ella no solo muestra de nuestra devoci\u00f3n, sino tambi\u00e9n manifestaci\u00f3n de nuestra fe, y deseo de que la bendici\u00f3n de Dios a trav\u00e9s de su madre llegue hasta cada hogar de nuestro pueblo.<\/p>\n\n\n\n<p>Sin embargo, este a\u00f1o, pese a que las circunstancias de la pandemia han mejorado, y podemos ir normalizando la celebraci\u00f3n de las fiestas patronales, no podemos olvidar que cuanto hacemos debemos hacerlo con responsabilidad, y evitando correr todo tipo de riesgos. Os pido que evitemos aglomeraciones, que seamos especialmente prudentes, que cuidemos las medidas en todo momento, especialmente el uso de la mascarilla, de forma que la fiesta de la Virgen, al menos en lo religioso, no suponga un empeoramiento a nivel sanitario de nuestro pueblo. Esto es lo que este a\u00f1o tambi\u00e9n nos pide la Virgen.<\/p>\n\n\n\n<p>Espero que sean d\u00edas de gozo y alegr\u00eda, los mismos sentimientos que Mar\u00eda comparte con nosotros al ver congregados a su alrededor a todos sus hijos. Para m\u00ed como p\u00e1rroco, es tambi\u00e9n un privilegio poderla vivir y compartir con vosotros. Mar\u00eda, nuestra madre de la Paz vuelve a tendernos su mano para que depositemos en ella nuestros ruegos, oraciones y agradecimientos del Villar, <em>un pueblo que en vos conf\u00eda, no lo desech\u00e9is de vos\u2026<\/em><\/p>\n\n\n\n<p>\u00a1Viva la Virgen de la Paz!<\/p>\n\n\n\n<p class=\"has-text-align-right\"><strong>Quique, vuestro p\u00e1rroco.<\/strong><\/p>\n","protected":false},"excerpt":{"rendered":"<p>Si tanto os debe el Villar \u2026 Virgen triunfante y gloriosa, acogednos amorosa cuando os vamos a buscar\u2026 Hay d\u00edas y celebraciones que acu\u00f1an la identidad de un pueblo y de una comunidad cristiana. Es lo que ocurre en Villar con la llegada de la fiesta de nuestra madre, la Virgen de la Paz. Alrededor de la madre se pone&#8230;<\/p>\n<p> <a class=\"continue-reading-link\" href=\"https:\/\/iglesia-en-villar.es\/blog\/2022\/01\/21\/editorial-100\/\"><span>Leer m\u00e1s<\/span><i class=\"crycon-right-dir\"><\/i><\/a> <\/p>\n","protected":false},"author":53745,"featured_media":8794,"comment_status":"open","ping_status":"open","sticky":false,"template":"","format":"standard","meta":{"inline_featured_image":false,"footnotes":""},"categories":[13],"tags":[],"class_list":["post-8791","post","type-post","status-publish","format-standard","has-post-thumbnail","hentry","category-editorial"],"better_featured_image":{"id":8794,"alt_text":"","caption":"","description":"","media_type":"image","media_details":{"width":667,"height":1000,"file":"2022\/01\/Estmapa-Virgen-de-la-Paz-2022.jpg","sizes":{"medium":{"file":"Estmapa-Virgen-de-la-Paz-2022-200x300.jpg","width":200,"height":300,"mime-type":"image\/jpeg","source_url":"https:\/\/iglesia-en-villar.es\/blog\/wp-content\/uploads\/2022\/01\/Estmapa-Virgen-de-la-Paz-2022-200x300.jpg"},"thumbnail":{"file":"Estmapa-Virgen-de-la-Paz-2022-150x150.jpg","width":150,"height":150,"mime-type":"image\/jpeg","source_url":"https:\/\/iglesia-en-villar.es\/blog\/wp-content\/uploads\/2022\/01\/Estmapa-Virgen-de-la-Paz-2022-150x150.jpg"},"post-thumbnail":{"file":"Estmapa-Virgen-de-la-Paz-2022-100x150.jpg","width":100,"height":150,"mime-type":"image\/jpeg","source_url":"https:\/\/iglesia-en-villar.es\/blog\/wp-content\/uploads\/2022\/01\/Estmapa-Virgen-de-la-Paz-2022-100x150.jpg"},"header":{"file":"Estmapa-Virgen-de-la-Paz-2022-667x230.jpg","width":667,"height":230,"mime-type":"image\/jpeg","source_url":"https:\/\/iglesia-en-villar.es\/blog\/wp-content\/uploads\/2022\/01\/Estmapa-Virgen-de-la-Paz-2022-667x230.jpg"},"slider":{"file":"Estmapa-Virgen-de-la-Paz-2022-667x580.jpg","width":667,"height":580,"mime-type":"image\/jpeg","source_url":"https:\/\/iglesia-en-villar.es\/blog\/wp-content\/uploads\/2022\/01\/Estmapa-Virgen-de-la-Paz-2022-667x580.jpg"},"columns":{"file":"Estmapa-Virgen-de-la-Paz-2022-330x300.jpg","width":330,"height":300,"mime-type":"image\/jpeg","source_url":"https:\/\/iglesia-en-villar.es\/blog\/wp-content\/uploads\/2022\/01\/Estmapa-Virgen-de-la-Paz-2022-330x300.jpg"},"custom":{"file":"Estmapa-Virgen-de-la-Paz-2022-250x375.jpg","width":250,"height":375,"mime-type":"image\/jpeg","source_url":"https:\/\/iglesia-en-villar.es\/blog\/wp-content\/uploads\/2022\/01\/Estmapa-Virgen-de-la-Paz-2022-250x375.jpg"}},"image_meta":{"aperture":"5.6","credit":"","camera":"ILCE-7M3","caption":"","created_timestamp":"1622019421","copyright":"","focal_length":"53","iso":"1250","shutter_speed":"0.00625","title":"","orientation":"1","keywords":[]}},"post":null,"source_url":"https:\/\/iglesia-en-villar.es\/blog\/wp-content\/uploads\/2022\/01\/Estmapa-Virgen-de-la-Paz-2022.jpg"},"read":true,"_links":{"self":[{"href":"https:\/\/iglesia-en-villar.es\/blog\/wp-json\/wp\/v2\/posts\/8791","targetHints":{"allow":["GET"]}}],"collection":[{"href":"https:\/\/iglesia-en-villar.es\/blog\/wp-json\/wp\/v2\/posts"}],"about":[{"href":"https:\/\/iglesia-en-villar.es\/blog\/wp-json\/wp\/v2\/types\/post"}],"author":[{"embeddable":true,"href":"https:\/\/iglesia-en-villar.es\/blog\/wp-json\/wp\/v2\/users\/53745"}],"replies":[{"embeddable":true,"href":"https:\/\/iglesia-en-villar.es\/blog\/wp-json\/wp\/v2\/comments?post=8791"}],"version-history":[{"count":2,"href":"https:\/\/iglesia-en-villar.es\/blog\/wp-json\/wp\/v2\/posts\/8791\/revisions"}],"predecessor-version":[{"id":8798,"href":"https:\/\/iglesia-en-villar.es\/blog\/wp-json\/wp\/v2\/posts\/8791\/revisions\/8798"}],"wp:featuredmedia":[{"embeddable":true,"href":"https:\/\/iglesia-en-villar.es\/blog\/wp-json\/wp\/v2\/media\/8794"}],"wp:attachment":[{"href":"https:\/\/iglesia-en-villar.es\/blog\/wp-json\/wp\/v2\/media?parent=8791"}],"wp:term":[{"taxonomy":"category","embeddable":true,"href":"https:\/\/iglesia-en-villar.es\/blog\/wp-json\/wp\/v2\/categories?post=8791"},{"taxonomy":"post_tag","embeddable":true,"href":"https:\/\/iglesia-en-villar.es\/blog\/wp-json\/wp\/v2\/tags?post=8791"}],"curies":[{"name":"wp","href":"https:\/\/api.w.org\/{rel}","templated":true}]}}