{"id":8806,"date":"2022-01-29T12:28:20","date_gmt":"2022-01-29T11:28:20","guid":{"rendered":"https:\/\/iglesia-en-villar.es\/blog\/?p=8806"},"modified":"2022-01-29T12:28:22","modified_gmt":"2022-01-29T11:28:22","slug":"editorial-101","status":"publish","type":"post","link":"https:\/\/iglesia-en-villar.es\/blog\/2022\/01\/29\/editorial-101\/","title":{"rendered":"Editorial"},"content":{"rendered":"\n<h2 class=\"has-text-align-center wp-block-heading\"><strong>Viv\u00eda en el Templo d\u00eda y noche\u2026<\/strong><\/h2>\n\n\n\n<p>Esta semana celebraremos la fiesta de la presentaci\u00f3n del Se\u00f1or en el Templo, la fiesta de la Candelaria. Aunque nos parezca casi incre\u00edble, ya han pasado 40 d\u00edas desde Navidad, y pronto (aunque este a\u00f1o m\u00e1s tard\u00edamente) la Cuaresma nos llamar\u00e1 a la puerta.<\/p>\n\n\n\n<p>En esta fiesta de la presentaci\u00f3n, unida a la tradicional bendici\u00f3n de candelas, celebramos en toda la Iglesia la Jornada de la Vida Consagrada, recordando el testimonio de Sime\u00f3n y Ana, que viv\u00edan entregados al templo a la espera del Mes\u00edas anunciado.<\/p>\n\n\n\n<p>Este d\u00eda nos toca de cerca a nosotros, a la comunidad cristiana del pueblo de Villar, al tener especialmente presentes en nuestra celebraci\u00f3n y en nuestra oraci\u00f3n a la Comunidad de Carmelitas Descalzas que junto a nosotros caminan en la fe. Es una jornada tambi\u00e9n en la que podemos dar gracias porque cada una de ellas, su presencia, su comunidad, su oraci\u00f3n y desvelo contantes por nosotros, por nuestra parroquia y por nuestro pueblo son un regalo del cielo.<\/p>\n\n\n\n<p>Es un regalo contar con su presencia en primer lugar por su testimonio de firmeza en la fe. Una fe que ponen de manifiesto en su entrega cotidiana, en su fidelidad a la Iglesia, en el cuidado y atenci\u00f3n de su sencilla pero exigente vida comunitaria, en su oraci\u00f3n y la delicadeza de su vida espiritual.<\/p>\n\n\n\n<p>Tambi\u00e9n es un regalo saber que en ellas tenemos un constante caudal de intercesi\u00f3n. Su oraci\u00f3n socorre a los enfermos, fortalece a los d\u00e9biles, anima a los j\u00f3venes, ayuda a a las familias, da descanso a los difuntos\u2026 Es su oraci\u00f3n la que hace fruct\u00edfera la vida y la pastoral parroquial, la catequesis, y todas nuestras acciones de caridad y apostolado. La oraci\u00f3n de las carmelitas es un cauce de gracia para el pueblo de Villar que tiene en ellas puesta su confianza.<\/p>\n\n\n\n<p>Un tercer motivo de agradecimiento es el afecto y el cari\u00f1o que recibimos de esta comunidad. Sus puertas son puertas abiertas en las que hallar comprensi\u00f3n. Siempre hay alguna hermana que tiene una palabra de aliento para quien en ellas busca un consejo, una caricia o una ayuda espiritual y humana. En la casa del Carmelo todos son bienvenidos, y nadie es rechazado, ignorado o desatendido (El rey Gaspar quiz\u00e1s no opine lo mismo\u2026)<\/p>\n\n\n\n<p>Su vida consagrada es una bendici\u00f3n para el pueblo, para la Parroquia y para cada uno de nosotros. Que esta fiesta de la Presentaci\u00f3n sea motivo para agradecer esta presencia benefactora entre nosotros, y para ir poco a poco fortaleciendo los v\u00ednculos y cuidando la relaci\u00f3n entre las hermanas y la parroquia, siempre enriquecedora y beneficiosa para todos. Llegue esta vez nuestra oraci\u00f3n hasta su casa, como gesto de cercan\u00eda y agradecimiento. \u00a1Gracias, por tanto, hermanas!<\/p>\n\n\n\n<p class=\"has-text-align-right\"><strong>Quique, vuestro p\u00e1rroco.<\/strong><\/p>\n","protected":false},"excerpt":{"rendered":"<p>Viv\u00eda en el Templo d\u00eda y noche\u2026 Esta semana celebraremos la fiesta de la presentaci\u00f3n del Se\u00f1or en el Templo, la fiesta de la Candelaria. Aunque nos parezca casi incre\u00edble, ya han pasado 40 d\u00edas desde Navidad, y pronto (aunque este a\u00f1o m\u00e1s tard\u00edamente) la Cuaresma nos llamar\u00e1 a la puerta. En esta fiesta de la presentaci\u00f3n, unida a la&#8230;<\/p>\n<p> <a class=\"continue-reading-link\" href=\"https:\/\/iglesia-en-villar.es\/blog\/2022\/01\/29\/editorial-101\/\"><span>Leer m\u00e1s<\/span><i class=\"crycon-right-dir\"><\/i><\/a> <\/p>\n","protected":false},"author":53745,"featured_media":8808,"comment_status":"open","ping_status":"open","sticky":false,"template":"","format":"standard","meta":{"inline_featured_image":false,"footnotes":""},"categories":[13],"tags":[],"class_list":["post-8806","post","type-post","status-publish","format-standard","has-post-thumbnail","hentry","category-editorial"],"better_featured_image":{"id":8808,"alt_text":"","caption":"","description":"","media_type":"image","media_details":{"width":220,"height":304,"file":"2022\/01\/simeon-y-la-sagrada-familia.jpeg","sizes":{"medium":{"file":"simeon-y-la-sagrada-familia-217x300.jpeg","width":217,"height":300,"mime-type":"image\/jpeg","source_url":"https:\/\/iglesia-en-villar.es\/blog\/wp-content\/uploads\/2022\/01\/simeon-y-la-sagrada-familia-217x300.jpeg"},"thumbnail":{"file":"simeon-y-la-sagrada-familia-150x150.jpeg","width":150,"height":150,"mime-type":"image\/jpeg","source_url":"https:\/\/iglesia-en-villar.es\/blog\/wp-content\/uploads\/2022\/01\/simeon-y-la-sagrada-familia-150x150.jpeg"},"post-thumbnail":{"file":"simeon-y-la-sagrada-familia-109x150.jpeg","width":109,"height":150,"mime-type":"image\/jpeg","source_url":"https:\/\/iglesia-en-villar.es\/blog\/wp-content\/uploads\/2022\/01\/simeon-y-la-sagrada-familia-109x150.jpeg"},"header":{"file":"simeon-y-la-sagrada-familia-220x230.jpeg","width":220,"height":230,"mime-type":"image\/jpeg","source_url":"https:\/\/iglesia-en-villar.es\/blog\/wp-content\/uploads\/2022\/01\/simeon-y-la-sagrada-familia-220x230.jpeg"},"columns":{"file":"simeon-y-la-sagrada-familia-220x300.jpeg","width":220,"height":300,"mime-type":"image\/jpeg","source_url":"https:\/\/iglesia-en-villar.es\/blog\/wp-content\/uploads\/2022\/01\/simeon-y-la-sagrada-familia-220x300.jpeg"}},"image_meta":{"aperture":"0","credit":"","camera":"","caption":"","created_timestamp":"0","copyright":"","focal_length":"0","iso":"0","shutter_speed":"0","title":"","orientation":"0","keywords":[]}},"post":null,"source_url":"https:\/\/iglesia-en-villar.es\/blog\/wp-content\/uploads\/2022\/01\/simeon-y-la-sagrada-familia.jpeg"},"read":true,"_links":{"self":[{"href":"https:\/\/iglesia-en-villar.es\/blog\/wp-json\/wp\/v2\/posts\/8806","targetHints":{"allow":["GET"]}}],"collection":[{"href":"https:\/\/iglesia-en-villar.es\/blog\/wp-json\/wp\/v2\/posts"}],"about":[{"href":"https:\/\/iglesia-en-villar.es\/blog\/wp-json\/wp\/v2\/types\/post"}],"author":[{"embeddable":true,"href":"https:\/\/iglesia-en-villar.es\/blog\/wp-json\/wp\/v2\/users\/53745"}],"replies":[{"embeddable":true,"href":"https:\/\/iglesia-en-villar.es\/blog\/wp-json\/wp\/v2\/comments?post=8806"}],"version-history":[{"count":1,"href":"https:\/\/iglesia-en-villar.es\/blog\/wp-json\/wp\/v2\/posts\/8806\/revisions"}],"predecessor-version":[{"id":8807,"href":"https:\/\/iglesia-en-villar.es\/blog\/wp-json\/wp\/v2\/posts\/8806\/revisions\/8807"}],"wp:featuredmedia":[{"embeddable":true,"href":"https:\/\/iglesia-en-villar.es\/blog\/wp-json\/wp\/v2\/media\/8808"}],"wp:attachment":[{"href":"https:\/\/iglesia-en-villar.es\/blog\/wp-json\/wp\/v2\/media?parent=8806"}],"wp:term":[{"taxonomy":"category","embeddable":true,"href":"https:\/\/iglesia-en-villar.es\/blog\/wp-json\/wp\/v2\/categories?post=8806"},{"taxonomy":"post_tag","embeddable":true,"href":"https:\/\/iglesia-en-villar.es\/blog\/wp-json\/wp\/v2\/tags?post=8806"}],"curies":[{"name":"wp","href":"https:\/\/api.w.org\/{rel}","templated":true}]}}