{"id":8845,"date":"2022-02-23T13:15:42","date_gmt":"2022-02-23T12:15:42","guid":{"rendered":"https:\/\/iglesia-en-villar.es\/blog\/?p=8845"},"modified":"2022-02-23T13:15:44","modified_gmt":"2022-02-23T12:15:44","slug":"editorial-104","status":"publish","type":"post","link":"https:\/\/iglesia-en-villar.es\/blog\/2022\/02\/23\/editorial-104\/","title":{"rendered":"Editorial"},"content":{"rendered":"\n<p><strong>\u00bfQu\u00e9 espera el mundo de nosotros, los cristianos?<\/strong><\/p>\n\n\n\n<p>Hay momentos en el tiempo, como el que ahora nos encontramos, que marcan el cambio de una era, de una \u00e9poca, de un ciclo. Ciertamente muchos estudios se\u00f1alan que hoy estamos acudiendo al final de la postmodernidad, para iniciar un tiempo nuevo y diferente a nivel social, humano, internacional\u2026<\/p>\n\n\n\n<p>Ante esta realidad, hay una pregunta que surge en el coraz\u00f3n de aquellos que tenemos la fe como sost\u00e9n y sentido de nuestra existencia. \u00bfQu\u00e9 espera hoy el mundo de nosotros? Cuando Cristo es el centro de la vida, hay muchas cosas alrededor que observamos desde una \u00f3ptica distinta, desde la mirada evang\u00e9lica. Y as\u00ed, los cristianos vamos caminando con el objetivo de que independientemente de los cambios, las novedades, lo que nos resulta sorprenderte o incomprensible, sea la fe la que marque el rumbo de nuestro camino.<\/p>\n\n\n\n<p>Contando con los cambios, lo nuevo, y lo desconocido, creo que hay algunas claves sobre las que los cristianos debemos mostrar nuestra posici\u00f3n irrenunciable. En primer lugar, en nuestro compromiso, la forma en que nuestra vida est\u00e1 comprometida con la comunidad parroquial, con la Iglesia, con la experiencia de la fe.<\/p>\n\n\n\n<p>Quiz\u00e1s sea bueno pensar que nos hace relativizar a Dios, y por ende nos aleja de \u00e9l hasta caer en el error de creer muchas veces que no lo necesitamos.<\/p>\n\n\n\n<p>El primer lugar en la vida del creyente es para Dios de forma innegociable, aunque otras cosas nos aparezcan como prioritarias a otros niveles (profesional, sociol\u00f3gico, familiar). La fe sin compromiso de vida se convierte en consumismo que usamos cada vez que nos apetece o nos resulta c\u00f3modo o satisfactorio. De esta forma la fe acaba banaliz\u00e1ndose como tantas realidades en nuestro mundo.<\/p>\n\n\n\n<p>Tambi\u00e9n en la coherencia de nuestros actos, pensamientos, opiniones, comportamientos. Creer una cosa y hacer otra, abanderar una causa y apoyar otra distinta, partir de un criterio mortal y \u00e9tico y despu\u00e9s adaptarlo a nuestra conveniencia son acciones que nos alejan de Dios, y nos hacen a ojos de los dem\u00e1s poco cre\u00edbles, y a nuestra fe una mera ideolog\u00eda sin consistencia ni inter\u00e9s. No es una forma de vida, sino una mera opci\u00f3n temporal.<\/p>\n\n\n\n<p>Aunque ciertamente, quiz\u00e1s el mayor testimonio de fe sea nuestra fidelidad a Cristo. Vivir fieles a su ense\u00f1anza, fieles a los sacramentos, fieles a la vida comunitaria. La fidelidad se aprende y se consolida en el encuentro con Cristo. La oraci\u00f3n, la Eucarist\u00eda, la confesi\u00f3n, la entrega a la vida comunitaria y eclesial, la implicaci\u00f3n en la vida pastoral de la parroquia, el deseo evangelizador y comunicador de la buena noticia son signos claros de una vida fiel a la fe y entregada en manos de Dios.<\/p>\n\n\n\n<p>Comprometidos, coherentes, fieles. Esto espera el mundo de los cristianos de hoy. \u00bfHasta d\u00f3nde estamos dispuestos a llegar? Meditemos nuestras respuestas\u2026<\/p>\n\n\n\n<p>Quique, vuestro cura.<\/p>\n","protected":false},"excerpt":{"rendered":"<p>\u00bfQu\u00e9 espera el mundo de nosotros, los cristianos? Hay momentos en el tiempo, como el que ahora nos encontramos, que marcan el cambio de una era, de una \u00e9poca, de un ciclo. Ciertamente muchos estudios se\u00f1alan que hoy estamos acudiendo al final de la postmodernidad, para iniciar un tiempo nuevo y diferente a nivel social, humano, internacional\u2026 Ante esta realidad,&#8230;<\/p>\n<p> <a class=\"continue-reading-link\" href=\"https:\/\/iglesia-en-villar.es\/blog\/2022\/02\/23\/editorial-104\/\"><span>Leer m\u00e1s<\/span><i class=\"crycon-right-dir\"><\/i><\/a> <\/p>\n","protected":false},"author":53745,"featured_media":8848,"comment_status":"open","ping_status":"open","sticky":false,"template":"","format":"standard","meta":{"inline_featured_image":false,"footnotes":""},"categories":[13],"tags":[],"class_list":["post-8845","post","type-post","status-publish","format-standard","has-post-thumbnail","hentry","category-editorial"],"better_featured_image":{"id":8848,"alt_text":"","caption":"","description":"","media_type":"image","media_details":{"width":367,"height":137,"file":"2022\/02\/pueblo-de-dio.jpeg","sizes":{"medium":{"file":"pueblo-de-dio-300x112.jpeg","width":300,"height":112,"mime-type":"image\/jpeg","source_url":"https:\/\/iglesia-en-villar.es\/blog\/wp-content\/uploads\/2022\/02\/pueblo-de-dio-300x112.jpeg"},"thumbnail":{"file":"pueblo-de-dio-150x137.jpeg","width":150,"height":137,"mime-type":"image\/jpeg","source_url":"https:\/\/iglesia-en-villar.es\/blog\/wp-content\/uploads\/2022\/02\/pueblo-de-dio-150x137.jpeg"},"post-thumbnail":{"file":"pueblo-de-dio-150x56.jpeg","width":150,"height":56,"mime-type":"image\/jpeg","source_url":"https:\/\/iglesia-en-villar.es\/blog\/wp-content\/uploads\/2022\/02\/pueblo-de-dio-150x56.jpeg"},"columns":{"file":"pueblo-de-dio-330x137.jpeg","width":330,"height":137,"mime-type":"image\/jpeg","source_url":"https:\/\/iglesia-en-villar.es\/blog\/wp-content\/uploads\/2022\/02\/pueblo-de-dio-330x137.jpeg"},"custom":{"file":"pueblo-de-dio-250x93.jpeg","width":250,"height":93,"mime-type":"image\/jpeg","source_url":"https:\/\/iglesia-en-villar.es\/blog\/wp-content\/uploads\/2022\/02\/pueblo-de-dio-250x93.jpeg"}},"image_meta":{"aperture":"0","credit":"","camera":"","caption":"","created_timestamp":"0","copyright":"","focal_length":"0","iso":"0","shutter_speed":"0","title":"","orientation":"0","keywords":[]}},"post":null,"source_url":"https:\/\/iglesia-en-villar.es\/blog\/wp-content\/uploads\/2022\/02\/pueblo-de-dio.jpeg"},"read":true,"_links":{"self":[{"href":"https:\/\/iglesia-en-villar.es\/blog\/wp-json\/wp\/v2\/posts\/8845","targetHints":{"allow":["GET"]}}],"collection":[{"href":"https:\/\/iglesia-en-villar.es\/blog\/wp-json\/wp\/v2\/posts"}],"about":[{"href":"https:\/\/iglesia-en-villar.es\/blog\/wp-json\/wp\/v2\/types\/post"}],"author":[{"embeddable":true,"href":"https:\/\/iglesia-en-villar.es\/blog\/wp-json\/wp\/v2\/users\/53745"}],"replies":[{"embeddable":true,"href":"https:\/\/iglesia-en-villar.es\/blog\/wp-json\/wp\/v2\/comments?post=8845"}],"version-history":[{"count":1,"href":"https:\/\/iglesia-en-villar.es\/blog\/wp-json\/wp\/v2\/posts\/8845\/revisions"}],"predecessor-version":[{"id":8846,"href":"https:\/\/iglesia-en-villar.es\/blog\/wp-json\/wp\/v2\/posts\/8845\/revisions\/8846"}],"wp:featuredmedia":[{"embeddable":true,"href":"https:\/\/iglesia-en-villar.es\/blog\/wp-json\/wp\/v2\/media\/8848"}],"wp:attachment":[{"href":"https:\/\/iglesia-en-villar.es\/blog\/wp-json\/wp\/v2\/media?parent=8845"}],"wp:term":[{"taxonomy":"category","embeddable":true,"href":"https:\/\/iglesia-en-villar.es\/blog\/wp-json\/wp\/v2\/categories?post=8845"},{"taxonomy":"post_tag","embeddable":true,"href":"https:\/\/iglesia-en-villar.es\/blog\/wp-json\/wp\/v2\/tags?post=8845"}],"curies":[{"name":"wp","href":"https:\/\/api.w.org\/{rel}","templated":true}]}}