{"id":8860,"date":"2022-02-26T16:57:56","date_gmt":"2022-02-26T15:57:56","guid":{"rendered":"https:\/\/iglesia-en-villar.es\/blog\/?p=8860"},"modified":"2022-02-26T16:57:58","modified_gmt":"2022-02-26T15:57:58","slug":"editorial-105","status":"publish","type":"post","link":"https:\/\/iglesia-en-villar.es\/blog\/2022\/02\/26\/editorial-105\/","title":{"rendered":"Editorial"},"content":{"rendered":"\n<h1 class=\"has-text-align-center wp-block-heading\"><strong>La Santa Cuaresma<\/strong><\/h1>\n\n\n\n<p>Con este nombre se refiere el anuncio anual de las grandes fiestas cristianas que leemos el d\u00eda de la Epifan\u00eda al tiempo que nos prepara para la Semana Mayor de los cristianos, en la que celebraremos con gozo el misterio pascual del Se\u00f1or.<\/p>\n\n\n\n<p>Es cierto que nosotros, al referirnos a este tiempo de recogimiento, oraci\u00f3n y revisi\u00f3n de nuestra vida cristiana, hablamos de la cuaresma como un tiempo lleno de privaciones y renuncias que nos resulta pesado y farragoso. Quiz\u00e1s las r\u00edgidas observancias del pasado, y la mala concepci\u00f3n de un tiempo marcado por la austeridad y la penitencia nos llevan a considerarla de modo negativo.<\/p>\n\n\n\n<p>Sin embargo, nosotros tenemos en nuestras manos la posibilidad de comprender este t\u00e9rmino en su integridad, y vivir as\u00ed una cuaresma santa. Pues santa debe ser en primer lugar la actitud con la que acojamos estos 40 d\u00edas en los que se nos invita a retirarnos al desierto con Jes\u00fas. Acogerlos como una oportunidad para profundizar nuestra fe, para purificar y perfeccionar nuestra vivencia cristiana, como un nuevo tiempo en el que afianzar nuestro camino constate de conversi\u00f3n.<\/p>\n\n\n\n<p>Tambi\u00e9n en nuestras obras la cuaresma puede convertirse en un tiempo santo. Si nos comprometemos con nosotros mismos en la vivencia de la fe, en la lectura de la Palabra, en buscar un tiempo concreto de oraci\u00f3n, en la participaci\u00f3n en el sacramento de la penitencia, poco a poco iremos tomando el pulso a la cuaresma. Unas acciones individuales que necesitan ir acompa\u00f1adas de obras con repercusi\u00f3n externa. Cercan\u00eda al necesitado, caridad fraterna, experiencia del perd\u00f3n, desprendimiento en favor de los pobres\u2026 Son acciones que ejercitan nuestra vida cristiana en nuestra mirada y comportamiento con el pr\u00f3jimo.<\/p>\n\n\n\n<p>En los peque\u00f1os detalles encontraremos la posibilidad de acabar de adentrarnos con seriedad en este tiempo. En la contemplaci\u00f3n del misterio de la cruz, la vivencia del ayuno y de la abstinencia como gestos de comuni\u00f3n de toda la Iglesia, el compromiso semanal de la limosna penitencial, y todo aquello que haga resonar la presencia de Dios en nuestra vida, hallamos un signo que nos toca y es un eco cuaresmal que nos recuerda nuestro objetivo y nuestra meta: la vivencia con intensidad de la Pascua del Se\u00f1or.<\/p>\n\n\n\n<p>Preparemos nuestro coraz\u00f3n para acoger de nuevo este tiempo del encuentro, del abrazo y de la presencia del Se\u00f1or en nuestra vida y en nuestra comunidad parroquial. Que no se quede en la cuaresma, en una cuaresma, sino que viv\u00e9ndola, disfrut\u00e1ndola y entreg\u00e1ndonos con constancia y abnegaci\u00f3n, sea esta una Santa Cuaresma en la que nuestra vida se reafirme en el deseo de santidad y perfecci\u00f3n a las que el Se\u00f1or nos invita cada d\u00eda.<\/p>\n\n\n\n<p>Que esta sea una Santa Cuaresma para todos.<\/p>\n\n\n\n<p>Quique, vuestro p\u00e1rroco.<\/p>\n","protected":false},"excerpt":{"rendered":"<p>La Santa Cuaresma Con este nombre se refiere el anuncio anual de las grandes fiestas cristianas que leemos el d\u00eda de la Epifan\u00eda al tiempo que nos prepara para la Semana Mayor de los cristianos, en la que celebraremos con gozo el misterio pascual del Se\u00f1or. Es cierto que nosotros, al referirnos a este tiempo de recogimiento, oraci\u00f3n y revisi\u00f3n&#8230;<\/p>\n<p> <a class=\"continue-reading-link\" href=\"https:\/\/iglesia-en-villar.es\/blog\/2022\/02\/26\/editorial-105\/\"><span>Leer m\u00e1s<\/span><i class=\"crycon-right-dir\"><\/i><\/a> <\/p>\n","protected":false},"author":53745,"featured_media":0,"comment_status":"open","ping_status":"open","sticky":false,"template":"","format":"standard","meta":{"inline_featured_image":false,"footnotes":""},"categories":[13],"tags":[],"class_list":["post-8860","post","type-post","status-publish","format-standard","hentry","category-editorial"],"better_featured_image":null,"read":true,"_links":{"self":[{"href":"https:\/\/iglesia-en-villar.es\/blog\/wp-json\/wp\/v2\/posts\/8860","targetHints":{"allow":["GET"]}}],"collection":[{"href":"https:\/\/iglesia-en-villar.es\/blog\/wp-json\/wp\/v2\/posts"}],"about":[{"href":"https:\/\/iglesia-en-villar.es\/blog\/wp-json\/wp\/v2\/types\/post"}],"author":[{"embeddable":true,"href":"https:\/\/iglesia-en-villar.es\/blog\/wp-json\/wp\/v2\/users\/53745"}],"replies":[{"embeddable":true,"href":"https:\/\/iglesia-en-villar.es\/blog\/wp-json\/wp\/v2\/comments?post=8860"}],"version-history":[{"count":1,"href":"https:\/\/iglesia-en-villar.es\/blog\/wp-json\/wp\/v2\/posts\/8860\/revisions"}],"predecessor-version":[{"id":8861,"href":"https:\/\/iglesia-en-villar.es\/blog\/wp-json\/wp\/v2\/posts\/8860\/revisions\/8861"}],"wp:attachment":[{"href":"https:\/\/iglesia-en-villar.es\/blog\/wp-json\/wp\/v2\/media?parent=8860"}],"wp:term":[{"taxonomy":"category","embeddable":true,"href":"https:\/\/iglesia-en-villar.es\/blog\/wp-json\/wp\/v2\/categories?post=8860"},{"taxonomy":"post_tag","embeddable":true,"href":"https:\/\/iglesia-en-villar.es\/blog\/wp-json\/wp\/v2\/tags?post=8860"}],"curies":[{"name":"wp","href":"https:\/\/api.w.org\/{rel}","templated":true}]}}