{"id":8891,"date":"2022-03-19T16:47:37","date_gmt":"2022-03-19T15:47:37","guid":{"rendered":"https:\/\/iglesia-en-villar.es\/blog\/?p=8891"},"modified":"2022-03-19T16:47:39","modified_gmt":"2022-03-19T15:47:39","slug":"editorial-107","status":"publish","type":"post","link":"https:\/\/iglesia-en-villar.es\/blog\/2022\/03\/19\/editorial-107\/","title":{"rendered":"Editorial"},"content":{"rendered":"\n<h2 class=\"has-text-align-center wp-block-heading\"><strong>Domingo \u201cLaetare\u201d<\/strong><\/h2>\n\n\n\n<p>El Cuarto domingo de Cuaresma es conocido en el calendario lit\u00fargico como el Domingo Laetare o Domingo de la Alegr\u00eda, y es que el tiempo de preparaci\u00f3n y penitencia ya pasa el ecuador, y est\u00e1 pronta la llegada de la Pascua. La Iglesia que peregrina hasta Jerusal\u00e9n para celebrar de nuevo la Pascua con el Se\u00f1or, canta la alegr\u00eda de ver ya cercana la ciudad santa, as\u00ed se inicia la liturgia de este d\u00eda \u201cqu\u00e9 alegr\u00eda cuando me dijeron\u2026\u201d.<\/p>\n\n\n\n<p>Hemos recorrido ya una larga parte de la v\u00eda de la cuaresma, por la que hemos ido purificando nuestra vida y nuestro coraz\u00f3n de aquello que nos ata al pecado y nos arrebata la libertad, hemos cruzado el desierto y subido al Tabor, y hemos recordado como el amor de Dios es para nosotros un mar insondable de misericordia y de perd\u00f3n para todos aquellos que de coraz\u00f3n hemos pedido la gracia de la conversi\u00f3n.<\/p>\n\n\n\n<p>Ahora sabemos que Jerusal\u00e9n est\u00e1 cercano, sin embargo, nos quedan a\u00fan jornadas cuaresmales para que el camino de seguimiento de Jes\u00fas se culmine en la ciudad santa. Da tiempo esta Cuaresma de que hagamos a\u00fan un alto en el camino en Betania, la casa de los amigos del Se\u00f1or. Betania es lugar de descanso, de escucha y de di\u00e1logo con Jes\u00fas. Por ello es bueno que encontremos m\u00e1s momentos para pasarlos all\u00ed junto a \u00c9l. Momentos de lectura de la Escritura, de oraci\u00f3n, y de descanso en los que nuestro coraz\u00f3n pueda hallar junto al Se\u00f1or consuelo, esperanza y comprensi\u00f3n.<\/p>\n\n\n\n<p>Tambi\u00e9n un trecho del camino para caminar junto a Mar\u00eda y meditar con ella aquellos momentos que fueron fortaleci\u00e9ndola en la fe, que fueron revel\u00e1ndole la gran misi\u00f3n que Dios le confiaba a su Hijo, y para la que ella hab\u00eda sido mediadora entre \u00c9l y la humanidad. Los Siete Dolores de Mar\u00eda nos preparan para que nuestro coraz\u00f3n pueda acompa\u00f1ar a Cristo en su Pasi\u00f3n. Durante el septenario, Mar\u00eda, la madre dolorosa, ser\u00e1 nuestra gu\u00eda en la ruta cuaresmal que nos conduce a Jerusal\u00e9n.<\/p>\n\n\n\n<p>As\u00ed, de la mano de Mar\u00eda y con la fuerza que nos da Cristo, nuestro amigo, nuestro hermano, entraremos con gran gozo en Jerusal\u00e9n, entre palmas y ramas de olivo, triunfantes, sabiendo que de nuevo renovaremos en nuestras vidas la gracia que Jes\u00fas sigue derramando a trav\u00e9s de su misterio pascual. Gracia que nos llegar\u00e1 en su amor fraterno en el cen\u00e1culo, en la noche del Jueves Santo. Gracia que se renovar\u00e1 en la entrega de Cristo en la cruz para la redenci\u00f3n del mundo. Gracia que ser\u00e1 triunfo y gozo desbordante en la noche pascual.<\/p>\n\n\n\n<p>Estas son las jornadas que nos quedan por recorrer juntos. \u201c\u00a1Ya est\u00e1n pisando nuestros pies tus umbrales Jerusal\u00e9n\u201d<\/p>\n\n\n\n<p><strong>Quique, vuestro p\u00e1rroco.<\/strong><\/p>\n","protected":false},"excerpt":{"rendered":"<p>Domingo \u201cLaetare\u201d El Cuarto domingo de Cuaresma es conocido en el calendario lit\u00fargico como el Domingo Laetare o Domingo de la Alegr\u00eda, y es que el tiempo de preparaci\u00f3n y penitencia ya pasa el ecuador, y est\u00e1 pronta la llegada de la Pascua. La Iglesia que peregrina hasta Jerusal\u00e9n para celebrar de nuevo la Pascua con el Se\u00f1or, canta la&#8230;<\/p>\n<p> <a class=\"continue-reading-link\" href=\"https:\/\/iglesia-en-villar.es\/blog\/2022\/03\/19\/editorial-107\/\"><span>Leer m\u00e1s<\/span><i class=\"crycon-right-dir\"><\/i><\/a> <\/p>\n","protected":false},"author":53745,"featured_media":8886,"comment_status":"open","ping_status":"open","sticky":false,"template":"","format":"standard","meta":{"inline_featured_image":false,"footnotes":""},"categories":[13],"tags":[],"class_list":["post-8891","post","type-post","status-publish","format-standard","has-post-thumbnail","hentry","category-editorial"],"better_featured_image":{"id":8886,"alt_text":"","caption":"","description":"","media_type":"image","media_details":{"width":1200,"height":630,"file":"2022\/03\/Jerusale\u0301n.jpeg","sizes":{"medium":{"file":"Jerusale\u0301n-300x158.jpeg","width":300,"height":158,"mime-type":"image\/jpeg","source_url":"https:\/\/iglesia-en-villar.es\/blog\/wp-content\/uploads\/2022\/03\/Jerusale\u0301n-300x158.jpeg"},"large":{"file":"Jerusale\u0301n-1024x538.jpeg","width":1024,"height":538,"mime-type":"image\/jpeg","source_url":"https:\/\/iglesia-en-villar.es\/blog\/wp-content\/uploads\/2022\/03\/Jerusale\u0301n-1024x538.jpeg"},"thumbnail":{"file":"Jerusale\u0301n-150x150.jpeg","width":150,"height":150,"mime-type":"image\/jpeg","source_url":"https:\/\/iglesia-en-villar.es\/blog\/wp-content\/uploads\/2022\/03\/Jerusale\u0301n-150x150.jpeg"},"medium_large":{"file":"Jerusale\u0301n-768x403.jpeg","width":768,"height":403,"mime-type":"image\/jpeg","source_url":"https:\/\/iglesia-en-villar.es\/blog\/wp-content\/uploads\/2022\/03\/Jerusale\u0301n-768x403.jpeg"},"post-thumbnail":{"file":"Jerusale\u0301n-150x79.jpeg","width":150,"height":79,"mime-type":"image\/jpeg","source_url":"https:\/\/iglesia-en-villar.es\/blog\/wp-content\/uploads\/2022\/03\/Jerusale\u0301n-150x79.jpeg"},"header":{"file":"Jerusale\u0301n-1200x230.jpeg","width":1200,"height":230,"mime-type":"image\/jpeg","source_url":"https:\/\/iglesia-en-villar.es\/blog\/wp-content\/uploads\/2022\/03\/Jerusale\u0301n-1200x230.jpeg"},"slider":{"file":"Jerusale\u0301n-1200x580.jpeg","width":1200,"height":580,"mime-type":"image\/jpeg","source_url":"https:\/\/iglesia-en-villar.es\/blog\/wp-content\/uploads\/2022\/03\/Jerusale\u0301n-1200x580.jpeg"},"columns":{"file":"Jerusale\u0301n-330x300.jpeg","width":330,"height":300,"mime-type":"image\/jpeg","source_url":"https:\/\/iglesia-en-villar.es\/blog\/wp-content\/uploads\/2022\/03\/Jerusale\u0301n-330x300.jpeg"},"custom":{"file":"Jerusale\u0301n-250x131.jpeg","width":250,"height":131,"mime-type":"image\/jpeg","source_url":"https:\/\/iglesia-en-villar.es\/blog\/wp-content\/uploads\/2022\/03\/Jerusale\u0301n-250x131.jpeg"}},"image_meta":{"aperture":"0","credit":"","camera":"","caption":"","created_timestamp":"0","copyright":"","focal_length":"0","iso":"0","shutter_speed":"0","title":"","orientation":"0","keywords":[]}},"post":null,"source_url":"https:\/\/iglesia-en-villar.es\/blog\/wp-content\/uploads\/2022\/03\/Jerusale\u0301n.jpeg"},"read":true,"_links":{"self":[{"href":"https:\/\/iglesia-en-villar.es\/blog\/wp-json\/wp\/v2\/posts\/8891","targetHints":{"allow":["GET"]}}],"collection":[{"href":"https:\/\/iglesia-en-villar.es\/blog\/wp-json\/wp\/v2\/posts"}],"about":[{"href":"https:\/\/iglesia-en-villar.es\/blog\/wp-json\/wp\/v2\/types\/post"}],"author":[{"embeddable":true,"href":"https:\/\/iglesia-en-villar.es\/blog\/wp-json\/wp\/v2\/users\/53745"}],"replies":[{"embeddable":true,"href":"https:\/\/iglesia-en-villar.es\/blog\/wp-json\/wp\/v2\/comments?post=8891"}],"version-history":[{"count":1,"href":"https:\/\/iglesia-en-villar.es\/blog\/wp-json\/wp\/v2\/posts\/8891\/revisions"}],"predecessor-version":[{"id":8892,"href":"https:\/\/iglesia-en-villar.es\/blog\/wp-json\/wp\/v2\/posts\/8891\/revisions\/8892"}],"wp:featuredmedia":[{"embeddable":true,"href":"https:\/\/iglesia-en-villar.es\/blog\/wp-json\/wp\/v2\/media\/8886"}],"wp:attachment":[{"href":"https:\/\/iglesia-en-villar.es\/blog\/wp-json\/wp\/v2\/media?parent=8891"}],"wp:term":[{"taxonomy":"category","embeddable":true,"href":"https:\/\/iglesia-en-villar.es\/blog\/wp-json\/wp\/v2\/categories?post=8891"},{"taxonomy":"post_tag","embeddable":true,"href":"https:\/\/iglesia-en-villar.es\/blog\/wp-json\/wp\/v2\/tags?post=8891"}],"curies":[{"name":"wp","href":"https:\/\/api.w.org\/{rel}","templated":true}]}}