{"id":8997,"date":"2022-05-13T11:24:59","date_gmt":"2022-05-13T10:24:59","guid":{"rendered":"https:\/\/iglesia-en-villar.es\/blog\/?p=8997"},"modified":"2022-05-13T11:25:01","modified_gmt":"2022-05-13T10:25:01","slug":"editorial-115","status":"publish","type":"post","link":"https:\/\/iglesia-en-villar.es\/blog\/2022\/05\/13\/editorial-115\/","title":{"rendered":"Editorial"},"content":{"rendered":"\n<h2 class=\"has-text-align-center wp-block-heading\"><strong>La Pascua del Enfermo, nuestra Pascua<\/strong><\/h2>\n\n\n\n<p>El pr\u00f3ximo Domingo nuestra comunidad vivir\u00e1 una de las celebraciones m\u00e1s especiales y sentidas de todo el a\u00f1o, celebraremos, tras dos a\u00f1os de pandemia que nos lo han impedido, la Pascua del enfermo. Un momento que nos hace recordar que en el itinerario de fe de todo creyente se unen realidades que tal vez nos parezcan parad\u00f3jicas, pero que al mismo tiempo nos unen en comuni\u00f3n con Cristo y con los hermanos.<\/p>\n\n\n\n<p>En la Pascua del enfermo se contemplan con claridad las dos experiencias fundantes de nuestra fe, la cruz y la resurrecci\u00f3n. Pues en esta celebraci\u00f3n de la Eucarist\u00eda reunimos a todos aquellos cuya vida est\u00e1 condicionada por la experiencia de la Cruz, aquellos que, por su estado f\u00edsico, su enfermedad o su debilidad se identifican con el Se\u00f1or crucificado, y ofrecen su vida cada d\u00eda asoci\u00e1ndose a la pasi\u00f3n redentora de Cristo.<\/p>\n\n\n\n<p>Desde esta experiencia, la Pascua del enfermo no solo nos hace tomar conciencia de cuantos a nuestro alrededor viven compartiendo la cruz de Cristo, sino que adquiere as\u00ed la enfermedad un car\u00e1cter comunitario vinculando as\u00ed a toda la comunidad parroquial que quiere acompa\u00f1arles en su sufrimiento, orar con ellos y por ellos, y ayudarles, aunque solo sea por un momento, a compartir el peso de la cruz. As\u00ed, en la Pascua del enfermo tenemos la responsabilidad de hacer que estos enfermos experimenten como la parroquia est\u00e1 con ellos, sobre todo en la prueba y el sufrimiento.<\/p>\n\n\n\n<p>Pero tambi\u00e9n la Pascua del enfermo es una oportunidad de gozo y de esperanza para los miembros de nuestra parroquia mayores y enfermos. Pues es cierto que en este Domingo del tiempo pascual seguimos renovando la experiencia del resucitado en nuestra vida, queremos renovar en nuestro coraz\u00f3n el gozo de conocer que Cristo est\u00e1 vivo entre nosotros.<\/p>\n\n\n\n<p>As\u00ed, en esta celebraci\u00f3n tan especial y cuidada, son muchos los gestos, palabras y signos que har\u00e1n resonar esta gran noticia para el mundo. El cirio Pascual, que ardiendo vuelve a iluminarnos con la luz de la ma\u00f1ana de la Pascua; la unci\u00f3n con el oleo de los enfermos, en la que Cristo vivo consuela y da vigor al sufriente; la celebraci\u00f3n de la Eucarist\u00eda, como presencia real del mismo resucitado que nos alimenta y da vigor a nuestra fe; y la comunidad reunida, cuerpo vivo de Cristo en medio del mundo, para dar el testimonio de su gozosa resurrecci\u00f3n.<\/p>\n\n\n\n<p>Una oportunidad para que toda la parroquia vibre y se sienta responsable de cuidar, acompa\u00f1ar y rezar por tantos que pasan por momentos de gran dureza y que necesitan mantener la fe, para recordar cada d\u00eda que vamos de la cruz a la luz, de la muerte a la resurrecci\u00f3n, de lo finito a la vida eterna. Que podamos hacernos todos presentes y ser testigos, aun en la dificultad y el dolor, de aquello que da sentido y esperanza a nuestra vida, que Cristo ha resucitado.<\/p>\n\n\n\n<p>\u00a1Cuento con todos vosotros, no fall\u00e9is a esta cita!<\/p>\n\n\n\n<p class=\"has-text-align-right\"><strong>Quique, vuestro p\u00e1rroco.<\/strong><\/p>\n","protected":false},"excerpt":{"rendered":"<p>La Pascua del Enfermo, nuestra Pascua El pr\u00f3ximo Domingo nuestra comunidad vivir\u00e1 una de las celebraciones m\u00e1s especiales y sentidas de todo el a\u00f1o, celebraremos, tras dos a\u00f1os de pandemia que nos lo han impedido, la Pascua del enfermo. Un momento que nos hace recordar que en el itinerario de fe de todo creyente se unen realidades que tal vez&#8230;<\/p>\n<p> <a class=\"continue-reading-link\" href=\"https:\/\/iglesia-en-villar.es\/blog\/2022\/05\/13\/editorial-115\/\"><span>Leer m\u00e1s<\/span><i class=\"crycon-right-dir\"><\/i><\/a> <\/p>\n","protected":false},"author":53745,"featured_media":9000,"comment_status":"open","ping_status":"open","sticky":false,"template":"","format":"standard","meta":{"inline_featured_image":false,"footnotes":""},"categories":[13],"tags":[],"class_list":["post-8997","post","type-post","status-publish","format-standard","has-post-thumbnail","hentry","category-editorial"],"better_featured_image":{"id":9000,"alt_text":"","caption":"","description":"","media_type":"image","media_details":{"width":820,"height":550,"file":"2022\/05\/jornada-pascua-del-enfermo-2022.jpeg","sizes":{"medium":{"file":"jornada-pascua-del-enfermo-2022-300x201.jpeg","width":300,"height":201,"mime-type":"image\/jpeg","source_url":"https:\/\/iglesia-en-villar.es\/blog\/wp-content\/uploads\/2022\/05\/jornada-pascua-del-enfermo-2022-300x201.jpeg"},"thumbnail":{"file":"jornada-pascua-del-enfermo-2022-150x150.jpeg","width":150,"height":150,"mime-type":"image\/jpeg","source_url":"https:\/\/iglesia-en-villar.es\/blog\/wp-content\/uploads\/2022\/05\/jornada-pascua-del-enfermo-2022-150x150.jpeg"},"medium_large":{"file":"jornada-pascua-del-enfermo-2022-768x515.jpeg","width":768,"height":515,"mime-type":"image\/jpeg","source_url":"https:\/\/iglesia-en-villar.es\/blog\/wp-content\/uploads\/2022\/05\/jornada-pascua-del-enfermo-2022-768x515.jpeg"},"post-thumbnail":{"file":"jornada-pascua-del-enfermo-2022-150x101.jpeg","width":150,"height":101,"mime-type":"image\/jpeg","source_url":"https:\/\/iglesia-en-villar.es\/blog\/wp-content\/uploads\/2022\/05\/jornada-pascua-del-enfermo-2022-150x101.jpeg"},"header":{"file":"jornada-pascua-del-enfermo-2022-820x230.jpeg","width":820,"height":230,"mime-type":"image\/jpeg","source_url":"https:\/\/iglesia-en-villar.es\/blog\/wp-content\/uploads\/2022\/05\/jornada-pascua-del-enfermo-2022-820x230.jpeg"},"columns":{"file":"jornada-pascua-del-enfermo-2022-330x300.jpeg","width":330,"height":300,"mime-type":"image\/jpeg","source_url":"https:\/\/iglesia-en-villar.es\/blog\/wp-content\/uploads\/2022\/05\/jornada-pascua-del-enfermo-2022-330x300.jpeg"},"custom":{"file":"jornada-pascua-del-enfermo-2022-250x168.jpeg","width":250,"height":168,"mime-type":"image\/jpeg","source_url":"https:\/\/iglesia-en-villar.es\/blog\/wp-content\/uploads\/2022\/05\/jornada-pascua-del-enfermo-2022-250x168.jpeg"}},"image_meta":{"aperture":"0","credit":"","camera":"","caption":"","created_timestamp":"0","copyright":"","focal_length":"0","iso":"0","shutter_speed":"0","title":"","orientation":"0","keywords":[]}},"post":null,"source_url":"https:\/\/iglesia-en-villar.es\/blog\/wp-content\/uploads\/2022\/05\/jornada-pascua-del-enfermo-2022.jpeg"},"read":true,"_links":{"self":[{"href":"https:\/\/iglesia-en-villar.es\/blog\/wp-json\/wp\/v2\/posts\/8997","targetHints":{"allow":["GET"]}}],"collection":[{"href":"https:\/\/iglesia-en-villar.es\/blog\/wp-json\/wp\/v2\/posts"}],"about":[{"href":"https:\/\/iglesia-en-villar.es\/blog\/wp-json\/wp\/v2\/types\/post"}],"author":[{"embeddable":true,"href":"https:\/\/iglesia-en-villar.es\/blog\/wp-json\/wp\/v2\/users\/53745"}],"replies":[{"embeddable":true,"href":"https:\/\/iglesia-en-villar.es\/blog\/wp-json\/wp\/v2\/comments?post=8997"}],"version-history":[{"count":1,"href":"https:\/\/iglesia-en-villar.es\/blog\/wp-json\/wp\/v2\/posts\/8997\/revisions"}],"predecessor-version":[{"id":8998,"href":"https:\/\/iglesia-en-villar.es\/blog\/wp-json\/wp\/v2\/posts\/8997\/revisions\/8998"}],"wp:featuredmedia":[{"embeddable":true,"href":"https:\/\/iglesia-en-villar.es\/blog\/wp-json\/wp\/v2\/media\/9000"}],"wp:attachment":[{"href":"https:\/\/iglesia-en-villar.es\/blog\/wp-json\/wp\/v2\/media?parent=8997"}],"wp:term":[{"taxonomy":"category","embeddable":true,"href":"https:\/\/iglesia-en-villar.es\/blog\/wp-json\/wp\/v2\/categories?post=8997"},{"taxonomy":"post_tag","embeddable":true,"href":"https:\/\/iglesia-en-villar.es\/blog\/wp-json\/wp\/v2\/tags?post=8997"}],"curies":[{"name":"wp","href":"https:\/\/api.w.org\/{rel}","templated":true}]}}