{"id":9019,"date":"2022-05-28T11:01:00","date_gmt":"2022-05-28T10:01:00","guid":{"rendered":"https:\/\/iglesia-en-villar.es\/blog\/?p=9019"},"modified":"2022-05-28T11:01:02","modified_gmt":"2022-05-28T10:01:02","slug":"rincon-carmelitano-125","status":"publish","type":"post","link":"https:\/\/iglesia-en-villar.es\/blog\/2022\/05\/28\/rincon-carmelitano-125\/","title":{"rendered":"Rinc\u00f3n Carmelitano"},"content":{"rendered":"\n<p><strong>\u00bfQUI\u00c9N NOS SEPARAR\u00c1?<\/strong><\/p>\n\n\n\n<p>\u00bb A los que Dios conoci\u00f3 de antemano, los destin\u00f3 a ser imagen de su Hijo&#8230; \u00bfqui\u00e9n me separar\u00e1 del amor de Jesucristo?\u00bb<\/p>\n\n\n\n<p>Tal se mostraba a la mirada del Ap\u00f3stol el misterio de la predestinaci\u00f3n, el misterio de la elecci\u00f3n divina \u00abA los que \u00e9l ha conocido\u00bb. \u00bfNo hemos sido nosotros de ese n\u00famero? S\u00ed, nosotros hemos llegado a ser suyos por el bautismo. Es esto lo que quiere decir san Pablo con las palabras: \u00abLos llam\u00f3\u00bb. S\u00ed, llamados a recibir el sello de la Santa Trinidad. Al mismo tiempo que hemos sido hechos participes de la naturaleza divina, seg\u00fan lo expresa san Pedro. (IIPe 1,4) hemos recibido un principio de su ser. despu\u00e9s, \u00e9l nos ha justificado por los Sacramentos, por sus toques directos en el recogimiento en lo m\u00e1s hondo de nuestra alma, justificados tambi\u00e9n por la fe y, seg\u00fan la medida de nuestra fe, en la redenci\u00f3n que nos consigui\u00f3 Jesucristo.<\/p>\n\n\n\n<p>Finalmente \u00c9l quiere glorificarnos y, para eso, dice San pablo, \u00e9l \u00abnos ha hecho dignos de tener parte en la herencia de los santos en la luz\u00bb. Pero seremos glorificados en la medida que seamos conforme con la imagen de su Hijo divino. Contemplemos, pues, esta imagen adorada, permanezcamos sin cesar bajo su irradiaci\u00f3n, para que esa imagen se imprima en nosotros; despu\u00e9s, vayamos a todas las cosas con actitud de alma con que iba nuestro Maestro Santo Jesucristo. Entonces realizaremos el gran deseo por el que Dios \u00abdestin\u00f3 restaurar todas las cosas en Cristo\u00bb (De los escritos de Sor Isabel de la Trinidad)<\/p>\n\n\n","protected":false},"excerpt":{"rendered":"<p>\u00bfQUI\u00c9N NOS SEPARAR\u00c1? \u00bb A los que Dios conoci\u00f3 de antemano, los destin\u00f3 a ser imagen de su Hijo&#8230; \u00bfqui\u00e9n me separar\u00e1 del amor de Jesucristo?\u00bb Tal se mostraba a la mirada del Ap\u00f3stol el misterio de la predestinaci\u00f3n, el misterio de la elecci\u00f3n divina \u00abA los que \u00e9l ha conocido\u00bb. \u00bfNo hemos sido nosotros de ese n\u00famero? S\u00ed, nosotros&#8230;<\/p>\n<p> <a class=\"continue-reading-link\" href=\"https:\/\/iglesia-en-villar.es\/blog\/2022\/05\/28\/rincon-carmelitano-125\/\"><span>Leer m\u00e1s<\/span><i class=\"crycon-right-dir\"><\/i><\/a> <\/p>\n","protected":false},"author":53745,"featured_media":0,"comment_status":"open","ping_status":"open","sticky":false,"template":"","format":"standard","meta":{"inline_featured_image":false,"footnotes":""},"categories":[5],"tags":[],"class_list":["post-9019","post","type-post","status-publish","format-standard","hentry","category-monasterio"],"better_featured_image":null,"read":true,"_links":{"self":[{"href":"https:\/\/iglesia-en-villar.es\/blog\/wp-json\/wp\/v2\/posts\/9019","targetHints":{"allow":["GET"]}}],"collection":[{"href":"https:\/\/iglesia-en-villar.es\/blog\/wp-json\/wp\/v2\/posts"}],"about":[{"href":"https:\/\/iglesia-en-villar.es\/blog\/wp-json\/wp\/v2\/types\/post"}],"author":[{"embeddable":true,"href":"https:\/\/iglesia-en-villar.es\/blog\/wp-json\/wp\/v2\/users\/53745"}],"replies":[{"embeddable":true,"href":"https:\/\/iglesia-en-villar.es\/blog\/wp-json\/wp\/v2\/comments?post=9019"}],"version-history":[{"count":1,"href":"https:\/\/iglesia-en-villar.es\/blog\/wp-json\/wp\/v2\/posts\/9019\/revisions"}],"predecessor-version":[{"id":9020,"href":"https:\/\/iglesia-en-villar.es\/blog\/wp-json\/wp\/v2\/posts\/9019\/revisions\/9020"}],"wp:attachment":[{"href":"https:\/\/iglesia-en-villar.es\/blog\/wp-json\/wp\/v2\/media?parent=9019"}],"wp:term":[{"taxonomy":"category","embeddable":true,"href":"https:\/\/iglesia-en-villar.es\/blog\/wp-json\/wp\/v2\/categories?post=9019"},{"taxonomy":"post_tag","embeddable":true,"href":"https:\/\/iglesia-en-villar.es\/blog\/wp-json\/wp\/v2\/tags?post=9019"}],"curies":[{"name":"wp","href":"https:\/\/api.w.org\/{rel}","templated":true}]}}