{"id":9021,"date":"2022-05-28T11:03:33","date_gmt":"2022-05-28T10:03:33","guid":{"rendered":"https:\/\/iglesia-en-villar.es\/blog\/?p=9021"},"modified":"2022-05-28T11:03:35","modified_gmt":"2022-05-28T10:03:35","slug":"editorial-117","status":"publish","type":"post","link":"https:\/\/iglesia-en-villar.es\/blog\/2022\/05\/28\/editorial-117\/","title":{"rendered":"Editorial"},"content":{"rendered":"\n<p><strong>\u00a1Danos Se\u00f1or tu Esp\u00edritu Santo!<\/strong><\/p>\n\n\n\n<p>El encuentro con Cristo resucitado durante estas semanas es el regalo de la Pascua, caminar con el Se\u00f1or vivo ha restaurado nuestra fe, y nos ha ayudado a comprender que caminar junto al resucitado nos hace responsables de la gran misi\u00f3n de la Iglesia, el anuncio del amor de Dios, que en la resurrecci\u00f3n de Cristo nos invita a una vida nueva, a la vida sin fin, a la eternidad.<\/p>\n\n\n\n<p>Esta experiencia, esta gran noticia de nuestra existencia, es una irresponsabilidad guardarla para nosotros o reserv\u00e1rnosla como algo \u00edntimo, pues es la experiencia m\u00e1s esencial de la vivencia de la fe cristiana, que necesitamos compartir con pasi\u00f3n y anunciar con alegr\u00eda.<\/p>\n\n\n\n<p>No obstante, aparecer\u00e1n algunas dificultades en el camino: las realidades de nuestro mundo, el cansancio, la indiferencia religiosa de nuestro tiempo, los nuevos ideales imperantes en nuestra realidad social \u2026 tantas cosas y tan complejas que a veces nos sentimos acobardados ante las dificultades de acogida de est\u00e1 invitaci\u00f3n a la fe.<\/p>\n\n\n\n<p>Por ello, la celebraci\u00f3n de Pentecost\u00e9s es el motor de est\u00e1 gran misi\u00f3n eclesial. Pedir al Se\u00f1or que nos env\u00ede el Esp\u00edritu Santo es pedir que renueve en nosotros, y en nuestra comunidad parroquial la ilusi\u00f3n, la fuerza, y el deseo de comunicar al mundo que nuestra fe nos sostiene, nos llena de alegr\u00eda y da sentido a nuestra existencia.<\/p>\n\n\n\n<p>Necesitamos ilusi\u00f3n para que nuestro testimonio sea convincente, para que atraiga la vivencia de que la fe nos llena de alegr\u00eda, incluso cuando las cosas nos discurren como nosotros hab\u00edamos deseado o previsto. Pero la alegr\u00eda de resucitar con Cristo no puede arrebat\u00e1rnosla le mundo y sus complicaciones cotidianas.<\/p>\n\n\n\n<p>Tambi\u00e9n la pasi\u00f3n es necesaria para este trabajo com\u00fan de toda la Iglesia. No podemos ser misioneros ap\u00e1ticos, insulsos, fr\u00edos\u2026 porque nuestro anuncio es un anuncio que habla de amor, de plenitud, de felicidad. Quien es feliz, contagia y transmite esta felicidad que la fe nos hace vivir.<\/p>\n\n\n\n<p>Pero sobre todo necesitamos estar disponibles para el Se\u00f1or. Estar disponible significa que el Se\u00f1or pueda tomar de nuestro tiempo, de nuestro descanso, de nuestra vida para ofrecerla a los dem\u00e1s, para ponerla al servicio de la Iglesia, para anunciar al mundo que Cristo resucitado es Se\u00f1or de nuestra vida.<\/p>\n\n\n\n<p>Para que esto sea posible, pidamos a Dios con insistencia \u00a1Danos Se\u00f1or tu Esp\u00edritu Santo!<\/p>\n\n\n\n<p>Feliz Pascua de Pentecost\u00e9s<\/p>\n\n\n\n<p>Quique, vuestro p\u00e1rroco.<\/p>\n","protected":false},"excerpt":{"rendered":"<p>\u00a1Danos Se\u00f1or tu Esp\u00edritu Santo! El encuentro con Cristo resucitado durante estas semanas es el regalo de la Pascua, caminar con el Se\u00f1or vivo ha restaurado nuestra fe, y nos ha ayudado a comprender que caminar junto al resucitado nos hace responsables de la gran misi\u00f3n de la Iglesia, el anuncio del amor de Dios, que en la resurrecci\u00f3n de&#8230;<\/p>\n<p> <a class=\"continue-reading-link\" href=\"https:\/\/iglesia-en-villar.es\/blog\/2022\/05\/28\/editorial-117\/\"><span>Leer m\u00e1s<\/span><i class=\"crycon-right-dir\"><\/i><\/a> <\/p>\n","protected":false},"author":53745,"featured_media":9025,"comment_status":"open","ping_status":"open","sticky":false,"template":"","format":"standard","meta":{"inline_featured_image":false,"footnotes":""},"categories":[13],"tags":[],"class_list":["post-9021","post","type-post","status-publish","format-standard","has-post-thumbnail","hentry","category-editorial"],"better_featured_image":{"id":9025,"alt_text":"","caption":"","description":"","media_type":"image","media_details":{"width":2560,"height":1920,"file":"2022\/05\/el-espiritu-santo.jpeg","sizes":{"medium":{"file":"el-espiritu-santo-300x225.jpeg","width":300,"height":225,"mime-type":"image\/jpeg","source_url":"https:\/\/iglesia-en-villar.es\/blog\/wp-content\/uploads\/2022\/05\/el-espiritu-santo-300x225.jpeg"},"large":{"file":"el-espiritu-santo-1024x768.jpeg","width":1024,"height":768,"mime-type":"image\/jpeg","source_url":"https:\/\/iglesia-en-villar.es\/blog\/wp-content\/uploads\/2022\/05\/el-espiritu-santo-1024x768.jpeg"},"thumbnail":{"file":"el-espiritu-santo-150x150.jpeg","width":150,"height":150,"mime-type":"image\/jpeg","source_url":"https:\/\/iglesia-en-villar.es\/blog\/wp-content\/uploads\/2022\/05\/el-espiritu-santo-150x150.jpeg"},"medium_large":{"file":"el-espiritu-santo-768x576.jpeg","width":768,"height":576,"mime-type":"image\/jpeg","source_url":"https:\/\/iglesia-en-villar.es\/blog\/wp-content\/uploads\/2022\/05\/el-espiritu-santo-768x576.jpeg"},"1536x1536":{"file":"el-espiritu-santo-1536x1152.jpeg","width":1536,"height":1152,"mime-type":"image\/jpeg","source_url":"https:\/\/iglesia-en-villar.es\/blog\/wp-content\/uploads\/2022\/05\/el-espiritu-santo-1536x1152.jpeg"},"2048x2048":{"file":"el-espiritu-santo-2048x1536.jpeg","width":2048,"height":1536,"mime-type":"image\/jpeg","source_url":"https:\/\/iglesia-en-villar.es\/blog\/wp-content\/uploads\/2022\/05\/el-espiritu-santo-2048x1536.jpeg"},"post-thumbnail":{"file":"el-espiritu-santo-150x113.jpeg","width":150,"height":113,"mime-type":"image\/jpeg","source_url":"https:\/\/iglesia-en-villar.es\/blog\/wp-content\/uploads\/2022\/05\/el-espiritu-santo-150x113.jpeg"},"header":{"file":"el-espiritu-santo-1320x230.jpeg","width":1320,"height":230,"mime-type":"image\/jpeg","source_url":"https:\/\/iglesia-en-villar.es\/blog\/wp-content\/uploads\/2022\/05\/el-espiritu-santo-1320x230.jpeg"},"slider":{"file":"el-espiritu-santo-1920x580.jpeg","width":1920,"height":580,"mime-type":"image\/jpeg","source_url":"https:\/\/iglesia-en-villar.es\/blog\/wp-content\/uploads\/2022\/05\/el-espiritu-santo-1920x580.jpeg"},"columns":{"file":"el-espiritu-santo-330x300.jpeg","width":330,"height":300,"mime-type":"image\/jpeg","source_url":"https:\/\/iglesia-en-villar.es\/blog\/wp-content\/uploads\/2022\/05\/el-espiritu-santo-330x300.jpeg"},"custom":{"file":"el-espiritu-santo-250x188.jpeg","width":250,"height":188,"mime-type":"image\/jpeg","source_url":"https:\/\/iglesia-en-villar.es\/blog\/wp-content\/uploads\/2022\/05\/el-espiritu-santo-250x188.jpeg"}},"image_meta":{"aperture":"5.7","credit":"","camera":"Canon PowerShot SX10 IS","caption":"","created_timestamp":"1300537414","copyright":"","focal_length":"100","iso":"800","shutter_speed":"0.00625","title":"","orientation":"1","keywords":[]}},"post":null,"source_url":"https:\/\/iglesia-en-villar.es\/blog\/wp-content\/uploads\/2022\/05\/el-espiritu-santo.jpeg"},"read":true,"_links":{"self":[{"href":"https:\/\/iglesia-en-villar.es\/blog\/wp-json\/wp\/v2\/posts\/9021","targetHints":{"allow":["GET"]}}],"collection":[{"href":"https:\/\/iglesia-en-villar.es\/blog\/wp-json\/wp\/v2\/posts"}],"about":[{"href":"https:\/\/iglesia-en-villar.es\/blog\/wp-json\/wp\/v2\/types\/post"}],"author":[{"embeddable":true,"href":"https:\/\/iglesia-en-villar.es\/blog\/wp-json\/wp\/v2\/users\/53745"}],"replies":[{"embeddable":true,"href":"https:\/\/iglesia-en-villar.es\/blog\/wp-json\/wp\/v2\/comments?post=9021"}],"version-history":[{"count":1,"href":"https:\/\/iglesia-en-villar.es\/blog\/wp-json\/wp\/v2\/posts\/9021\/revisions"}],"predecessor-version":[{"id":9022,"href":"https:\/\/iglesia-en-villar.es\/blog\/wp-json\/wp\/v2\/posts\/9021\/revisions\/9022"}],"wp:featuredmedia":[{"embeddable":true,"href":"https:\/\/iglesia-en-villar.es\/blog\/wp-json\/wp\/v2\/media\/9025"}],"wp:attachment":[{"href":"https:\/\/iglesia-en-villar.es\/blog\/wp-json\/wp\/v2\/media?parent=9021"}],"wp:term":[{"taxonomy":"category","embeddable":true,"href":"https:\/\/iglesia-en-villar.es\/blog\/wp-json\/wp\/v2\/categories?post=9021"},{"taxonomy":"post_tag","embeddable":true,"href":"https:\/\/iglesia-en-villar.es\/blog\/wp-json\/wp\/v2\/tags?post=9021"}],"curies":[{"name":"wp","href":"https:\/\/api.w.org\/{rel}","templated":true}]}}