{"id":9030,"date":"2022-06-05T10:58:04","date_gmt":"2022-06-05T09:58:04","guid":{"rendered":"https:\/\/iglesia-en-villar.es\/blog\/?p=9030"},"modified":"2022-06-05T11:04:02","modified_gmt":"2022-06-05T10:04:02","slug":"avisos-107","status":"publish","type":"post","link":"https:\/\/iglesia-en-villar.es\/blog\/2022\/06\/05\/avisos-107\/","title":{"rendered":"Avisos"},"content":{"rendered":"\n<p class=\"has-text-align-center\"><strong>CHARLA DE TEOLOG\u00cdA<\/strong><\/p>\n\n\n\n<p>El Viernes d\u00eda 10 de Junio a las 21 horas en ellos locales se impartir\u00e1 una charla sobre TEOLOG\u00cdA DE LA TRINIDAD.<\/p>\n\n\n\n<p><\/p>\n\n\n\n<p class=\"has-text-align-center\"><strong>SOLEMNIDAD DE JESUCRISTO SUMO Y ETERNO SACERDOTE<\/strong><\/p>\n\n\n\n<p>El Jueves d\u00eda 9 de Junio es la Solemnidad de Jesucristo Sumo y Eterno Sacerdote por lo que el P\u00e1rroco asistir\u00e1 a la celebraci\u00f3n de esta Solemnidad en la Catedral de Valencia por lo que ese d\u00eda no habr\u00e1 misa en la Parroquia.<\/p>\n\n\n\n<p class=\"has-text-align-center\"><strong>EL S\u00c1BADO NO HABR\u00c1 MISA<\/strong><\/p>\n\n\n\n<p>El S\u00e1bado no habr\u00e1 misa vespertina con la intenci\u00f3n de que el Domingo nos reunamos toda la comunidad parroquial para cerrar el curso pastoral, como acci\u00f3n de gracias de toda la comunidad por lo vivido y compartido en este curso.<\/p>\n\n\n\n<p>Animar a todos a que tomemos parte en este d\u00eda de \ufb01esta para toda la Parroquia y lo hagamos de la forma que lo hacen los cristianos: celebrando juntos el amor de Dios en la Eucarist\u00eda.<\/p>\n\n\n","protected":false},"excerpt":{"rendered":"<p>CHARLA DE TEOLOG\u00cdA El Viernes d\u00eda 10 de Junio a las 21 horas en ellos locales se impartir\u00e1 una charla sobre TEOLOG\u00cdA DE LA TRINIDAD. SOLEMNIDAD DE JESUCRISTO SUMO Y ETERNO SACERDOTE El Jueves d\u00eda 9 de Junio es la Solemnidad de Jesucristo Sumo y Eterno Sacerdote por lo que el P\u00e1rroco asistir\u00e1 a la celebraci\u00f3n de esta Solemnidad en&#8230;<\/p>\n<p> <a class=\"continue-reading-link\" href=\"https:\/\/iglesia-en-villar.es\/blog\/2022\/06\/05\/avisos-107\/\"><span>Leer m\u00e1s<\/span><i class=\"crycon-right-dir\"><\/i><\/a> <\/p>\n","protected":false},"author":53745,"featured_media":0,"comment_status":"open","ping_status":"open","sticky":false,"template":"","format":"standard","meta":{"inline_featured_image":false,"footnotes":""},"categories":[10],"tags":[],"class_list":["post-9030","post","type-post","status-publish","format-standard","hentry","category-avisos"],"better_featured_image":null,"read":true,"_links":{"self":[{"href":"https:\/\/iglesia-en-villar.es\/blog\/wp-json\/wp\/v2\/posts\/9030","targetHints":{"allow":["GET"]}}],"collection":[{"href":"https:\/\/iglesia-en-villar.es\/blog\/wp-json\/wp\/v2\/posts"}],"about":[{"href":"https:\/\/iglesia-en-villar.es\/blog\/wp-json\/wp\/v2\/types\/post"}],"author":[{"embeddable":true,"href":"https:\/\/iglesia-en-villar.es\/blog\/wp-json\/wp\/v2\/users\/53745"}],"replies":[{"embeddable":true,"href":"https:\/\/iglesia-en-villar.es\/blog\/wp-json\/wp\/v2\/comments?post=9030"}],"version-history":[{"count":2,"href":"https:\/\/iglesia-en-villar.es\/blog\/wp-json\/wp\/v2\/posts\/9030\/revisions"}],"predecessor-version":[{"id":9034,"href":"https:\/\/iglesia-en-villar.es\/blog\/wp-json\/wp\/v2\/posts\/9030\/revisions\/9034"}],"wp:attachment":[{"href":"https:\/\/iglesia-en-villar.es\/blog\/wp-json\/wp\/v2\/media?parent=9030"}],"wp:term":[{"taxonomy":"category","embeddable":true,"href":"https:\/\/iglesia-en-villar.es\/blog\/wp-json\/wp\/v2\/categories?post=9030"},{"taxonomy":"post_tag","embeddable":true,"href":"https:\/\/iglesia-en-villar.es\/blog\/wp-json\/wp\/v2\/tags?post=9030"}],"curies":[{"name":"wp","href":"https:\/\/api.w.org\/{rel}","templated":true}]}}