{"id":9039,"date":"2022-06-05T11:16:44","date_gmt":"2022-06-05T10:16:44","guid":{"rendered":"https:\/\/iglesia-en-villar.es\/blog\/?p=9039"},"modified":"2022-06-05T11:16:46","modified_gmt":"2022-06-05T10:16:46","slug":"editorial-118","status":"publish","type":"post","link":"https:\/\/iglesia-en-villar.es\/blog\/2022\/06\/05\/editorial-118\/","title":{"rendered":"Editorial"},"content":{"rendered":"\n<p class=\"has-text-align-center\"><strong>La Trinidad: Amor Verdadero<\/strong><\/p>\n\n\n\n<p>Tras la Pascua, la liturgia parece que quiere seguir haci\u00e9ndonos escuchar el eco del Amor de Dios por los hombres que en el Misterio Pascual de Cristo, en su Muerte y Resurrecci\u00f3n, hemos contemplado y experimentado. Sin embargo, quiz\u00e1s tras la venida del Esp\u00edritu que nos quiere llevar hasta la verdad plena, la pregunta que aparece en nuestra raz\u00f3n es \u00bfde d\u00f3nde viene este amor? \u00bfCu\u00e1l es su fuente y origen?<\/p>\n\n\n\n<p>Ante esta cuesti\u00f3n, la primera solemnidad tras la Pascua tiene la respuesta; nos recuerda y nos introduce en este misterio de amor por excelencia, que es al mismo tiempo la fuente y la esencia de nuestra fe. El amor de Jesucristo, es el amor del mismo Dios, que se configura en el amor de las tres personas de la Trinidad: Padre, Hijo y Esp\u00edritu Santo.<\/p>\n\n\n\n<p>La Solemnidad de la Sant\u00edsima Trinidad quiere ayudarnos a tomar conciencia de la naturaleza del Dios cristiano, de como de este misterio de la naturaleza de Dios, manifestado en las personas del Padre, el Hijo y el Esp\u00edritu Santo, hallamos y vislumbramos, aunque muy lejanamente lo que significa conocer, comprender y corresponder a Dios con nuestro pobre amor humano.<\/p>\n\n\n\n<p>Y es que el amor es el principio que fundamenta la existencia de Dios. Un Dios, el Dios cristiano, que se manifiesta como expresi\u00f3n de su propia esencia. El Dios que es amor, en la Trinidad desarrolla y lleva a plenitud el amor mismo. El amor del Padre y el Hijo expresado en el Esp\u00edritu Santo, es lo que los cristianos anhelamos e imitamos, y lo que Cristo nos ha mostrado con su muerte y resurrecci\u00f3n. El amor infinito e incondicional del Padre, comunicado en la vida de Jesucristo, que ahora, empujados por la fuerza del Esp\u00edritu, la Iglesia lucha por anunciar y testimoniar.<\/p>\n\n\n\n<p>Esta fiesta de la Trinidad nos recuerda que nuestra historia de salvaci\u00f3n es esencialmente una historia de amor, que Dios ha querido ir escribiendo con la humanidad, y en la que ha ido reiterando, y reafirm\u00e1ndose en su esencia amorosa. Dios nos ama, y en su amor nos da la vida, nos acompa\u00f1a, nos salva, e incluso nos ofrece la participaci\u00f3n en su vida de amor divino, al ofrecernos la vida eterna.<\/p>\n\n\n\n<p>Este amor, inabarcable e incomprensible en nuestra raz\u00f3n humana, lo conocemos y celebramos en las tres personas de la Trinidad, tres Personas en las que Dios se nos ha dado a conocer, y que en ellas abarcan y dan sentido al amor del que Cristo nos ha hablado, que viene del Padre, y que el Esp\u00edritu nos revela y nos acerca. Que en esta fiesta renovemos el abrazo de Dios por cada hombre, por la Iglesia, por la comunidad cristiana de Villar que vive del amor de Dios, lo conoce en Cristo, y lo anuncia con la fuerza del Esp\u00edritu Santo.<\/p>\n\n\n\n<p>Gloria al Padre, al Hijo y al Esp\u00edritu Santo.<\/p>\n\n\n\n<p class=\"has-text-align-right\"><strong>Quique, vuestro p\u00e1rroco.<\/strong><\/p>\n","protected":false},"excerpt":{"rendered":"<p>La Trinidad: Amor Verdadero Tras la Pascua, la liturgia parece que quiere seguir haci\u00e9ndonos escuchar el eco del Amor de Dios por los hombres que en el Misterio Pascual de Cristo, en su Muerte y Resurrecci\u00f3n, hemos contemplado y experimentado. Sin embargo, quiz\u00e1s tras la venida del Esp\u00edritu que nos quiere llevar hasta la verdad plena, la pregunta que aparece&#8230;<\/p>\n<p> <a class=\"continue-reading-link\" href=\"https:\/\/iglesia-en-villar.es\/blog\/2022\/06\/05\/editorial-118\/\"><span>Leer m\u00e1s<\/span><i class=\"crycon-right-dir\"><\/i><\/a> <\/p>\n","protected":false},"author":53745,"featured_media":9043,"comment_status":"open","ping_status":"open","sticky":false,"template":"","format":"standard","meta":{"inline_featured_image":false,"footnotes":""},"categories":[13],"tags":[],"class_list":["post-9039","post","type-post","status-publish","format-standard","has-post-thumbnail","hentry","category-editorial"],"better_featured_image":{"id":9043,"alt_text":"","caption":"","description":"","media_type":"image","media_details":{"width":435,"height":568,"file":"2022\/06\/trinidad.jpeg","sizes":{"medium":{"file":"trinidad-230x300.jpeg","width":230,"height":300,"mime-type":"image\/jpeg","source_url":"https:\/\/iglesia-en-villar.es\/blog\/wp-content\/uploads\/2022\/06\/trinidad-230x300.jpeg"},"thumbnail":{"file":"trinidad-150x150.jpeg","width":150,"height":150,"mime-type":"image\/jpeg","source_url":"https:\/\/iglesia-en-villar.es\/blog\/wp-content\/uploads\/2022\/06\/trinidad-150x150.jpeg"},"post-thumbnail":{"file":"trinidad-115x150.jpeg","width":115,"height":150,"mime-type":"image\/jpeg","source_url":"https:\/\/iglesia-en-villar.es\/blog\/wp-content\/uploads\/2022\/06\/trinidad-115x150.jpeg"},"header":{"file":"trinidad-435x230.jpeg","width":435,"height":230,"mime-type":"image\/jpeg","source_url":"https:\/\/iglesia-en-villar.es\/blog\/wp-content\/uploads\/2022\/06\/trinidad-435x230.jpeg"},"columns":{"file":"trinidad-330x300.jpeg","width":330,"height":300,"mime-type":"image\/jpeg","source_url":"https:\/\/iglesia-en-villar.es\/blog\/wp-content\/uploads\/2022\/06\/trinidad-330x300.jpeg"},"custom":{"file":"trinidad-250x326.jpeg","width":250,"height":326,"mime-type":"image\/jpeg","source_url":"https:\/\/iglesia-en-villar.es\/blog\/wp-content\/uploads\/2022\/06\/trinidad-250x326.jpeg"}},"image_meta":{"aperture":"0","credit":"","camera":"","caption":"","created_timestamp":"0","copyright":"","focal_length":"0","iso":"0","shutter_speed":"0","title":"","orientation":"0","keywords":[]}},"post":null,"source_url":"https:\/\/iglesia-en-villar.es\/blog\/wp-content\/uploads\/2022\/06\/trinidad.jpeg"},"read":true,"_links":{"self":[{"href":"https:\/\/iglesia-en-villar.es\/blog\/wp-json\/wp\/v2\/posts\/9039","targetHints":{"allow":["GET"]}}],"collection":[{"href":"https:\/\/iglesia-en-villar.es\/blog\/wp-json\/wp\/v2\/posts"}],"about":[{"href":"https:\/\/iglesia-en-villar.es\/blog\/wp-json\/wp\/v2\/types\/post"}],"author":[{"embeddable":true,"href":"https:\/\/iglesia-en-villar.es\/blog\/wp-json\/wp\/v2\/users\/53745"}],"replies":[{"embeddable":true,"href":"https:\/\/iglesia-en-villar.es\/blog\/wp-json\/wp\/v2\/comments?post=9039"}],"version-history":[{"count":1,"href":"https:\/\/iglesia-en-villar.es\/blog\/wp-json\/wp\/v2\/posts\/9039\/revisions"}],"predecessor-version":[{"id":9040,"href":"https:\/\/iglesia-en-villar.es\/blog\/wp-json\/wp\/v2\/posts\/9039\/revisions\/9040"}],"wp:featuredmedia":[{"embeddable":true,"href":"https:\/\/iglesia-en-villar.es\/blog\/wp-json\/wp\/v2\/media\/9043"}],"wp:attachment":[{"href":"https:\/\/iglesia-en-villar.es\/blog\/wp-json\/wp\/v2\/media?parent=9039"}],"wp:term":[{"taxonomy":"category","embeddable":true,"href":"https:\/\/iglesia-en-villar.es\/blog\/wp-json\/wp\/v2\/categories?post=9039"},{"taxonomy":"post_tag","embeddable":true,"href":"https:\/\/iglesia-en-villar.es\/blog\/wp-json\/wp\/v2\/tags?post=9039"}],"curies":[{"name":"wp","href":"https:\/\/api.w.org\/{rel}","templated":true}]}}