{"id":9049,"date":"2022-06-10T11:44:19","date_gmt":"2022-06-10T10:44:19","guid":{"rendered":"https:\/\/iglesia-en-villar.es\/blog\/?p=9049"},"modified":"2022-06-10T11:44:21","modified_gmt":"2022-06-10T10:44:21","slug":"rincon-carmelitano-127","status":"publish","type":"post","link":"https:\/\/iglesia-en-villar.es\/blog\/2022\/06\/10\/rincon-carmelitano-127\/","title":{"rendered":"Rincon Carmelitano"},"content":{"rendered":"\n<p>SOLEMNIDAD DE LA SANT\u00cdSIMA TRINIDAD (PRO ORANTIBUS)<\/p>\n\n\n\n<p>Es un d\u00eda dedicado a rezar por los monjes y monjas de la vida contemplativas, as\u00ed que hoy nosotras esperamos vuestra oraci\u00f3n, para que vivamos con fidelidad y generosidad nuestra vida al Se\u00f1or, bien de la Iglesia y de toda la humanidad, y que recemos para que vengan nuevas vocaciones.<br>\u00abLa trinidad, he ah\u00ed nuestra morada, nuestro propio hogar, la casa paterna de donde nunca debemos salir. As\u00ed lo manifest\u00f3 un d\u00eda el divino Maestro. El esclavo no se queda en casa para siempre; el hijo se queda para siempre\u00bb (De los escritos de Isabel de la Trinidad)<br>Isabel nos invita a vivar nuestra fe en la Trinidad, a entrar en comuni\u00f3n de amor y de vida que nos habita. Nos recuerda hoy que<br>tenemos \u00abun lugar\u00bb hermoso\u00bb en el que realizar nuestra existencia: el seno entra\u00f1able y amigo de la Trinidad, comunidad de vida y amor.<br>\u00a1Qu\u00e9 gozada saber que nuestra vida entera, esa que tantas veces experimentamos fr\u00e1gil y limitada, hostigada y a la intemperie, no se encuentra perdida en el infinito ni es un punto irrelevante del cosmos! \u00a1Qu\u00e9 confianza saber que cada uno de nosotros, con nombre y apellidos, con nuestra historia a cuestas, nos encontramos inmersos y arrastrados por un rio infinito de amor que brota de la Trinidad! Nuestra vida no est\u00e1 colgada en el vac\u00edo y la nada, est\u00e1 sumergida en la profundidad del Amor de la Trinidad.<br>Isabel nos recuerda hoy: \u00e9sta es tu casa, \u00e9sta es tu morada, \u00bb el Amor\u00bb es tu morada, la Trinidad es tu casa, tienes un lugar hermoso, tienes un sitio, acoge en ti este amor; vive atento y despierto en tu fe, sin olvidar nunca esto, que es lo que le da solidez a tu existir.<br>El prop\u00f3sito fundamental de la acci\u00f3n de Dios en la persona humana es que todos y cada uno lleguemos a experimentar que el Padre, el Hijo y el Esp\u00edritu Santo vive \u00edntimamente en la persona creyente a quien se le ha prometido: \u00abVendremos a \u00e9l y pondremos en \u00e9l nuestra morada\u00bb Dios en m\u00ed y yo en \u00c9l. \u00c9l es tu alma y tu alma es \u00c9l.<br>La vida de muchos cristianos cambi\u00f3 radicalmente el d\u00eda en que se dieron cuenta de que el Dios en quien cre\u00edan y al que oraban, o el Dios en quien no cre\u00edan y al que no rezaban, era un Dios muy cercano, que viv\u00eda muy cerca de ellos, en lo m\u00e1s profundo de su ser. A veces el Se\u00f1or se revela desde dentro, haci\u00e9ndoles experimentar su presencia<\/p>\n\n\n\n<p>Hermanas Carmelitas.<\/p>\n","protected":false},"excerpt":{"rendered":"<p>SOLEMNIDAD DE LA SANT\u00cdSIMA TRINIDAD (PRO ORANTIBUS) Es un d\u00eda dedicado a rezar por los monjes y monjas de la vida contemplativas, as\u00ed que hoy nosotras esperamos vuestra oraci\u00f3n, para que vivamos con fidelidad y generosidad nuestra vida al Se\u00f1or, bien de la Iglesia y de toda la humanidad, y que recemos para que vengan nuevas vocaciones.\u00abLa trinidad, he ah\u00ed&#8230;<\/p>\n<p> <a class=\"continue-reading-link\" href=\"https:\/\/iglesia-en-villar.es\/blog\/2022\/06\/10\/rincon-carmelitano-127\/\"><span>Leer m\u00e1s<\/span><i class=\"crycon-right-dir\"><\/i><\/a> <\/p>\n","protected":false},"author":53745,"featured_media":0,"comment_status":"open","ping_status":"open","sticky":false,"template":"","format":"standard","meta":{"inline_featured_image":false,"footnotes":""},"categories":[5],"tags":[],"class_list":["post-9049","post","type-post","status-publish","format-standard","hentry","category-monasterio"],"better_featured_image":null,"read":true,"_links":{"self":[{"href":"https:\/\/iglesia-en-villar.es\/blog\/wp-json\/wp\/v2\/posts\/9049","targetHints":{"allow":["GET"]}}],"collection":[{"href":"https:\/\/iglesia-en-villar.es\/blog\/wp-json\/wp\/v2\/posts"}],"about":[{"href":"https:\/\/iglesia-en-villar.es\/blog\/wp-json\/wp\/v2\/types\/post"}],"author":[{"embeddable":true,"href":"https:\/\/iglesia-en-villar.es\/blog\/wp-json\/wp\/v2\/users\/53745"}],"replies":[{"embeddable":true,"href":"https:\/\/iglesia-en-villar.es\/blog\/wp-json\/wp\/v2\/comments?post=9049"}],"version-history":[{"count":1,"href":"https:\/\/iglesia-en-villar.es\/blog\/wp-json\/wp\/v2\/posts\/9049\/revisions"}],"predecessor-version":[{"id":9050,"href":"https:\/\/iglesia-en-villar.es\/blog\/wp-json\/wp\/v2\/posts\/9049\/revisions\/9050"}],"wp:attachment":[{"href":"https:\/\/iglesia-en-villar.es\/blog\/wp-json\/wp\/v2\/media?parent=9049"}],"wp:term":[{"taxonomy":"category","embeddable":true,"href":"https:\/\/iglesia-en-villar.es\/blog\/wp-json\/wp\/v2\/categories?post=9049"},{"taxonomy":"post_tag","embeddable":true,"href":"https:\/\/iglesia-en-villar.es\/blog\/wp-json\/wp\/v2\/tags?post=9049"}],"curies":[{"name":"wp","href":"https:\/\/api.w.org\/{rel}","templated":true}]}}