{"id":9051,"date":"2022-06-10T11:47:42","date_gmt":"2022-06-10T10:47:42","guid":{"rendered":"https:\/\/iglesia-en-villar.es\/blog\/?p=9051"},"modified":"2022-06-10T11:47:44","modified_gmt":"2022-06-10T10:47:44","slug":"editorial-119","status":"publish","type":"post","link":"https:\/\/iglesia-en-villar.es\/blog\/2022\/06\/10\/editorial-119\/","title":{"rendered":"Editorial"},"content":{"rendered":"\n<h2 class=\"has-text-align-center wp-block-heading\"><strong>40 horas para estar con \u00c9l<\/strong><\/h2>\n\n\n\n<p>Como preparaci\u00f3n a la Solemnidad de Corpus Christi, las generaciones de villarenses que nos han precedido en la fe nos legan y nos regalan una celebraci\u00f3n especialmente \u00edntima y bella: las 40 horas de adoraci\u00f3n al Sant\u00edsimo Sacramento, que nos introducen a la gran fiesta de la Eucarist\u00eda.<\/p>\n\n\n\n<p>Quiz\u00e1s nos parezcan 40 demasiadas (hoy reducidas a 30), o pensemos que tenemos demasiados quehaceres para encontrar un tiempo para buscar la compa\u00f1\u00eda de Jes\u00fas. Con tantas preocupaciones, tareas y responsabilidades\u2026 \u00bfpara qu\u00e9 perder el tiempo? En contra de esto, como solemos hacer los curas, como p\u00e1rroco me gustar\u00eda hacer un fuerte llamamiento a buscar tiempo para cuidar esta relaci\u00f3n, para el di\u00e1logo, la gratitud, y porque no, tambi\u00e9n la petici\u00f3n ante el Se\u00f1or en la Eucarist\u00eda. Una oportunidad que se nos regala ante este tiempo para la oraci\u00f3n y la adoraci\u00f3n.<\/p>\n\n\n\n<p>Estas 40 horas son una herencia que lejos de ser una carga, podemos traducirla en una gran bendici\u00f3n para nuestra comunidad parroquial. Nos ayudan a percatarnos de la grandeza de la presencia Eucar\u00edstica de Jes\u00fas. De como, en la sencillez del pan, el Se\u00f1or se hace cercano a nosotros, y en la pobreza manifiesta el gran regalo de su presencia Eucar\u00edstica entre nosotros. Y de c\u00f3mo este sacramento abre nuestra vida humana y limitada a la presencia trascendental de Dios.<\/p>\n\n\n\n<p>Saberse en presencia de Jes\u00fas es una provocaci\u00f3n para el coraz\u00f3n humano. \u00bfQu\u00e9 decir ante Dios? \u00bfQu\u00e9 es aquello que necesitamos poner en su presencia y que ni siquiera ante los dem\u00e1s nos atrevemos a expresar? En la oraci\u00f3n silenciosa de adoraci\u00f3n surgen espont\u00e1neamente los anhelos, alegr\u00edas y sufrimientos que necesitamos poner en sus manos. Quiz\u00e1s es silencio, al que no estamos acostumbrados, resulte para nosotros una fuerza que renueva y abre la vida a algo nuevo, a vivir cada momento y cada d\u00eda en la presencia de Jes\u00fas.<\/p>\n\n\n\n<p>Por eso me atrevo a pediros, casi a rogar, que busquemos en estos tres d\u00edas previos a la fiesta de Corpus Christi un momento para dejarle a Dios que se cuele en nuestras vidas, que entre en ellas, y que nos haga experimentar como su presencia nos transforma, nos reordena las prioridades, y nos hace recordar que hay cosas fundamentales que hemos olvidado, que el mundo nos esta robando, y que son esenciales para dar sentido a la vida.<\/p>\n\n\n\n<p>Solo unos minutos, por pocos que sean, para dejar que el Se\u00f1or nos toque, nos renueve, nos haga experimentar el abrazo y el descanso que nos ofrece Jes\u00fas en este sencillo sacramento que es el mayor regalo de nuestra fe, aquello que valoramos como el signo sencillo que nos pone ante el mismo Dios.<\/p>\n\n\n\n<p>\u00a1Alabado sea el Sant\u00edsimo Sacramento del Altar!<\/p>\n\n\n\n<p class=\"has-text-align-right\"><strong>Quique, vuestro p\u00e1rroco.<\/strong><\/p>\n","protected":false},"excerpt":{"rendered":"<p>40 horas para estar con \u00c9l Como preparaci\u00f3n a la Solemnidad de Corpus Christi, las generaciones de villarenses que nos han precedido en la fe nos legan y nos regalan una celebraci\u00f3n especialmente \u00edntima y bella: las 40 horas de adoraci\u00f3n al Sant\u00edsimo Sacramento, que nos introducen a la gran fiesta de la Eucarist\u00eda. Quiz\u00e1s nos parezcan 40 demasiadas (hoy&#8230;<\/p>\n<p> <a class=\"continue-reading-link\" href=\"https:\/\/iglesia-en-villar.es\/blog\/2022\/06\/10\/editorial-119\/\"><span>Leer m\u00e1s<\/span><i class=\"crycon-right-dir\"><\/i><\/a> <\/p>\n","protected":false},"author":53745,"featured_media":9054,"comment_status":"open","ping_status":"open","sticky":false,"template":"","format":"standard","meta":{"inline_featured_image":false,"footnotes":""},"categories":[13],"tags":[],"class_list":["post-9051","post","type-post","status-publish","format-standard","has-post-thumbnail","hentry","category-editorial"],"better_featured_image":{"id":9054,"alt_text":"","caption":"","description":"","media_type":"image","media_details":{"width":1200,"height":1600,"file":"2022\/06\/WhatsApp-Image-2022-06-09-at-5.17.15-PM.jpeg","sizes":{"medium":{"file":"WhatsApp-Image-2022-06-09-at-5.17.15-PM-225x300.jpeg","width":225,"height":300,"mime-type":"image\/jpeg","source_url":"https:\/\/iglesia-en-villar.es\/blog\/wp-content\/uploads\/2022\/06\/WhatsApp-Image-2022-06-09-at-5.17.15-PM-225x300.jpeg"},"large":{"file":"WhatsApp-Image-2022-06-09-at-5.17.15-PM-768x1024.jpeg","width":768,"height":1024,"mime-type":"image\/jpeg","source_url":"https:\/\/iglesia-en-villar.es\/blog\/wp-content\/uploads\/2022\/06\/WhatsApp-Image-2022-06-09-at-5.17.15-PM-768x1024.jpeg"},"thumbnail":{"file":"WhatsApp-Image-2022-06-09-at-5.17.15-PM-150x150.jpeg","width":150,"height":150,"mime-type":"image\/jpeg","source_url":"https:\/\/iglesia-en-villar.es\/blog\/wp-content\/uploads\/2022\/06\/WhatsApp-Image-2022-06-09-at-5.17.15-PM-150x150.jpeg"},"medium_large":{"file":"WhatsApp-Image-2022-06-09-at-5.17.15-PM-768x1024.jpeg","width":768,"height":1024,"mime-type":"image\/jpeg","source_url":"https:\/\/iglesia-en-villar.es\/blog\/wp-content\/uploads\/2022\/06\/WhatsApp-Image-2022-06-09-at-5.17.15-PM-768x1024.jpeg"},"1536x1536":{"file":"WhatsApp-Image-2022-06-09-at-5.17.15-PM-1152x1536.jpeg","width":1152,"height":1536,"mime-type":"image\/jpeg","source_url":"https:\/\/iglesia-en-villar.es\/blog\/wp-content\/uploads\/2022\/06\/WhatsApp-Image-2022-06-09-at-5.17.15-PM-1152x1536.jpeg"},"post-thumbnail":{"file":"WhatsApp-Image-2022-06-09-at-5.17.15-PM-113x150.jpeg","width":113,"height":150,"mime-type":"image\/jpeg","source_url":"https:\/\/iglesia-en-villar.es\/blog\/wp-content\/uploads\/2022\/06\/WhatsApp-Image-2022-06-09-at-5.17.15-PM-113x150.jpeg"},"header":{"file":"WhatsApp-Image-2022-06-09-at-5.17.15-PM-1200x230.jpeg","width":1200,"height":230,"mime-type":"image\/jpeg","source_url":"https:\/\/iglesia-en-villar.es\/blog\/wp-content\/uploads\/2022\/06\/WhatsApp-Image-2022-06-09-at-5.17.15-PM-1200x230.jpeg"},"slider":{"file":"WhatsApp-Image-2022-06-09-at-5.17.15-PM-1200x580.jpeg","width":1200,"height":580,"mime-type":"image\/jpeg","source_url":"https:\/\/iglesia-en-villar.es\/blog\/wp-content\/uploads\/2022\/06\/WhatsApp-Image-2022-06-09-at-5.17.15-PM-1200x580.jpeg"},"columns":{"file":"WhatsApp-Image-2022-06-09-at-5.17.15-PM-330x300.jpeg","width":330,"height":300,"mime-type":"image\/jpeg","source_url":"https:\/\/iglesia-en-villar.es\/blog\/wp-content\/uploads\/2022\/06\/WhatsApp-Image-2022-06-09-at-5.17.15-PM-330x300.jpeg"},"custom":{"file":"WhatsApp-Image-2022-06-09-at-5.17.15-PM-250x333.jpeg","width":250,"height":333,"mime-type":"image\/jpeg","source_url":"https:\/\/iglesia-en-villar.es\/blog\/wp-content\/uploads\/2022\/06\/WhatsApp-Image-2022-06-09-at-5.17.15-PM-250x333.jpeg"}},"image_meta":{"aperture":"0","credit":"","camera":"","caption":"","created_timestamp":"0","copyright":"","focal_length":"0","iso":"0","shutter_speed":"0","title":"","orientation":"0","keywords":[]}},"post":null,"source_url":"https:\/\/iglesia-en-villar.es\/blog\/wp-content\/uploads\/2022\/06\/WhatsApp-Image-2022-06-09-at-5.17.15-PM.jpeg"},"read":true,"_links":{"self":[{"href":"https:\/\/iglesia-en-villar.es\/blog\/wp-json\/wp\/v2\/posts\/9051","targetHints":{"allow":["GET"]}}],"collection":[{"href":"https:\/\/iglesia-en-villar.es\/blog\/wp-json\/wp\/v2\/posts"}],"about":[{"href":"https:\/\/iglesia-en-villar.es\/blog\/wp-json\/wp\/v2\/types\/post"}],"author":[{"embeddable":true,"href":"https:\/\/iglesia-en-villar.es\/blog\/wp-json\/wp\/v2\/users\/53745"}],"replies":[{"embeddable":true,"href":"https:\/\/iglesia-en-villar.es\/blog\/wp-json\/wp\/v2\/comments?post=9051"}],"version-history":[{"count":1,"href":"https:\/\/iglesia-en-villar.es\/blog\/wp-json\/wp\/v2\/posts\/9051\/revisions"}],"predecessor-version":[{"id":9052,"href":"https:\/\/iglesia-en-villar.es\/blog\/wp-json\/wp\/v2\/posts\/9051\/revisions\/9052"}],"wp:featuredmedia":[{"embeddable":true,"href":"https:\/\/iglesia-en-villar.es\/blog\/wp-json\/wp\/v2\/media\/9054"}],"wp:attachment":[{"href":"https:\/\/iglesia-en-villar.es\/blog\/wp-json\/wp\/v2\/media?parent=9051"}],"wp:term":[{"taxonomy":"category","embeddable":true,"href":"https:\/\/iglesia-en-villar.es\/blog\/wp-json\/wp\/v2\/categories?post=9051"},{"taxonomy":"post_tag","embeddable":true,"href":"https:\/\/iglesia-en-villar.es\/blog\/wp-json\/wp\/v2\/tags?post=9051"}],"curies":[{"name":"wp","href":"https:\/\/api.w.org\/{rel}","templated":true}]}}