{"id":9061,"date":"2022-06-18T18:21:01","date_gmt":"2022-06-18T17:21:01","guid":{"rendered":"https:\/\/iglesia-en-villar.es\/blog\/?p=9061"},"modified":"2022-06-18T18:21:04","modified_gmt":"2022-06-18T17:21:04","slug":"rincon-carmelitano-128","status":"publish","type":"post","link":"https:\/\/iglesia-en-villar.es\/blog\/2022\/06\/18\/rincon-carmelitano-128\/","title":{"rendered":"Rincon Carmelitano"},"content":{"rendered":"\n<p class=\"has-text-align-center\"><strong>CORPUS CHRISTI<\/strong><\/p>\n\n\n\n<p>El domingo celebramos la Solemnidad de Corpus Christi, la decisi\u00f3n de Jes\u00fas de quedarse con nosotros, la divina decisi\u00f3n de quedarse en medio de nosotros, en el Sacramento, no podemos tener otra respuesta sino la devolver cercan\u00eda por cercan\u00eda. Si El ha querido ser Dios, el Padre, el Hermano, el Amigo el Maestro cercano, plantando su Tienda-Tabern\u00e1culo entre nosotros, nosotros hemos de ser los hijos, hermanos, amigos y discipulos cercanos a esa Presencia.<\/p>\n\n\n\n<p>En la Eucarsit\u00eda a Dios le podemos&#8230; comer. Y no solo permite que lo hagamos, sino que vincula a este comerle, los mayores dones que un Dios puede conceder.<\/p>\n\n\n\n<p>Santa Tersa, nos dice: que pidamos al Padre Eterno merezcamos recibir el nuestro Pan Celestial de manera que, ya que los ojos del Cuerpo no se pueden deleitar en mirarle por estar encubierto, se descubra a los ojos del alma y se le d\u00e9 a conocer, que es otro mantenimiento de contentos y regalos y que sustenta la vida (Camino 34, 5-8)<\/p>\n\n\n\n<p>Jam\u00e1s deber\u00edamos pasar por delante de una iglesia u oratorio sin entrar, hacer un rato de fe, agradecer su cercan\u00eda, y luego, -seg\u00fan el tiempo disponible o disposici\u00f3n del coraz\u00f3n- suplicar, interceder, dar gracias por mil gracias, alabar, adorar o, simplemente \u00a1estar!<\/p>\n\n\n\n<p>Podr\u00edamos decir que nuestra vida espiritual vale lo que vale nuestra piedad eucar\u00edstica. O sea, la Eucarist\u00eda es, sin ninguna duda, el centro, la ra\u00edz, el culmen de la vida cristiana. En la Eucarist\u00eda recibimos todos los dones, es pura gratuidad, se nos da, no nos quita nada, se nos regala. Hay gente que cree que por ir a Misa tiene que dejar, que perder, media hora. Y no, no es perder algo, es que todo se te da.<\/p>\n\n\n\n<p>Hermanas Carmelitas<\/p>\n","protected":false},"excerpt":{"rendered":"<p>CORPUS CHRISTI El domingo celebramos la Solemnidad de Corpus Christi, la decisi\u00f3n de Jes\u00fas de quedarse con nosotros, la divina decisi\u00f3n de quedarse en medio de nosotros, en el Sacramento, no podemos tener otra respuesta sino la devolver cercan\u00eda por cercan\u00eda. Si El ha querido ser Dios, el Padre, el Hermano, el Amigo el Maestro cercano, plantando su Tienda-Tabern\u00e1culo entre&#8230;<\/p>\n<p> <a class=\"continue-reading-link\" href=\"https:\/\/iglesia-en-villar.es\/blog\/2022\/06\/18\/rincon-carmelitano-128\/\"><span>Leer m\u00e1s<\/span><i class=\"crycon-right-dir\"><\/i><\/a> <\/p>\n","protected":false},"author":53745,"featured_media":9067,"comment_status":"open","ping_status":"open","sticky":false,"template":"","format":"standard","meta":{"inline_featured_image":false,"footnotes":""},"categories":[5],"tags":[],"class_list":["post-9061","post","type-post","status-publish","format-standard","has-post-thumbnail","hentry","category-monasterio"],"better_featured_image":{"id":9067,"alt_text":"","caption":"","description":"","media_type":"image","media_details":{"width":206,"height":208,"file":"2022\/06\/2022-0.png","sizes":{"thumbnail":{"file":"2022-0-150x150.png","width":150,"height":150,"mime-type":"image\/png","source_url":"https:\/\/iglesia-en-villar.es\/blog\/wp-content\/uploads\/2022\/06\/2022-0-150x150.png"},"post-thumbnail":{"file":"2022-0-150x150.png","width":150,"height":150,"mime-type":"image\/png","source_url":"https:\/\/iglesia-en-villar.es\/blog\/wp-content\/uploads\/2022\/06\/2022-0-150x150.png"}},"image_meta":{"aperture":"0","credit":"","camera":"","caption":"","created_timestamp":"0","copyright":"","focal_length":"0","iso":"0","shutter_speed":"0","title":"","orientation":"0","keywords":[]}},"post":null,"source_url":"https:\/\/iglesia-en-villar.es\/blog\/wp-content\/uploads\/2022\/06\/2022-0.png"},"read":true,"_links":{"self":[{"href":"https:\/\/iglesia-en-villar.es\/blog\/wp-json\/wp\/v2\/posts\/9061","targetHints":{"allow":["GET"]}}],"collection":[{"href":"https:\/\/iglesia-en-villar.es\/blog\/wp-json\/wp\/v2\/posts"}],"about":[{"href":"https:\/\/iglesia-en-villar.es\/blog\/wp-json\/wp\/v2\/types\/post"}],"author":[{"embeddable":true,"href":"https:\/\/iglesia-en-villar.es\/blog\/wp-json\/wp\/v2\/users\/53745"}],"replies":[{"embeddable":true,"href":"https:\/\/iglesia-en-villar.es\/blog\/wp-json\/wp\/v2\/comments?post=9061"}],"version-history":[{"count":1,"href":"https:\/\/iglesia-en-villar.es\/blog\/wp-json\/wp\/v2\/posts\/9061\/revisions"}],"predecessor-version":[{"id":9062,"href":"https:\/\/iglesia-en-villar.es\/blog\/wp-json\/wp\/v2\/posts\/9061\/revisions\/9062"}],"wp:featuredmedia":[{"embeddable":true,"href":"https:\/\/iglesia-en-villar.es\/blog\/wp-json\/wp\/v2\/media\/9067"}],"wp:attachment":[{"href":"https:\/\/iglesia-en-villar.es\/blog\/wp-json\/wp\/v2\/media?parent=9061"}],"wp:term":[{"taxonomy":"category","embeddable":true,"href":"https:\/\/iglesia-en-villar.es\/blog\/wp-json\/wp\/v2\/categories?post=9061"},{"taxonomy":"post_tag","embeddable":true,"href":"https:\/\/iglesia-en-villar.es\/blog\/wp-json\/wp\/v2\/tags?post=9061"}],"curies":[{"name":"wp","href":"https:\/\/api.w.org\/{rel}","templated":true}]}}