{"id":9063,"date":"2022-06-18T18:24:14","date_gmt":"2022-06-18T17:24:14","guid":{"rendered":"https:\/\/iglesia-en-villar.es\/blog\/?p=9063"},"modified":"2022-06-18T18:24:16","modified_gmt":"2022-06-18T17:24:16","slug":"editorial-120","status":"publish","type":"post","link":"https:\/\/iglesia-en-villar.es\/blog\/2022\/06\/18\/editorial-120\/","title":{"rendered":"Editorial"},"content":{"rendered":"\n<h1 class=\"has-text-align-center wp-block-heading\"><strong>Adentrarse en el coraz\u00f3n de Cristo<\/strong><\/h1>\n\n\n\n<p>La Solemnidad del Sagrado Coraz\u00f3n de Jes\u00fas nos invita a vivir una de las experiencias m\u00e1s hermosas y reconfortantes de la vida cristiana: conocer la forma en que Jesucristo nos ha expresado el amor de Dios por nosotros. El coraz\u00f3n de Cristo es el lugar donde el amor de Dios queda manifestado y provado. Por ello, al celebrar esta fiesta un pregunta se cruza en nuestra mente contando con nuestros c\u00e1lculos humanos \u00bfC\u00f3mo ama Jes\u00fas? Pues el amor de Jesucristo nos ense\u00f1a a dar forma al amor que la fe despierta en el coraz\u00f3n del creyente.<\/p>\n\n\n\n<p>No se entiende el amor de Cristo sin hacerlo compatible con la misericordia. Pues ama Jes\u00fas conociendo nuestros pecados, y sabiendo que la condici\u00f3n humana nos hace constantemente caer. Sin embargo, la experiencia de su amor es la gran invitaci\u00f3n de Dios al hombre para levantarse, dejar atr\u00e1s sus debilidades, y aprender de la forma de vida del Se\u00f1or, imitando en todo su amor y agradeciendo el don paciente de su misericordia.<\/p>\n\n\n\n<p>Tampoco podemos hablar del amor de Cristo sin entenderlo como un lugar de descanso, de reposo y de acogida. El Se\u00f1or es la morada donde nos sentimos protegidos, donde encontramos el abrazo del amor de Dios siempre paciente, siempre disponible, siempre acogedor. El amor de Jesucristo es nuestra defensa y ayuda ante el sufrimiento, la soledad y la pobreza propias de la vida del hombre en la que cada d\u00eda se pone a prueba nuestra fe y nuestra fortaleza.<\/p>\n\n\n\n<p>Es el amor de Jes\u00fas un amor que no entiende de l\u00edmites, ni de condiciones, sino que nos da un contante aprendizaje para que las din\u00e1micas de vida de Jesucristo se conviertan en las nuestras. Es un amor que no se limita al afecto, sino que se materializa en la entrega, la generosidad, la disponibilidad\u2026 Es el amor que engendra caridad y que nos ayuda a consolidar nuestra fe y a probarla en nuestra vida cotidiana.<\/p>\n\n\n\n<p>Este es el amor del coraz\u00f3n de Jes\u00fas, un coraz\u00f3n ardiente de caridad, un coraz\u00f3n paciente y lleno de misericordia, un coraz\u00f3n donde hallar descanso para nuestras almas. Que podamos este a\u00f1o aprender a amar de su Sagrado Coraz\u00f3n.<\/p>\n\n\n\n<p><a><\/a> Vuestro cura Quique<\/p>\n\n\n","protected":false},"excerpt":{"rendered":"<p>Adentrarse en el coraz\u00f3n de Cristo La Solemnidad del Sagrado Coraz\u00f3n de Jes\u00fas nos invita a vivir una de las experiencias m\u00e1s hermosas y reconfortantes de la vida cristiana: conocer la forma en que Jesucristo nos ha expresado el amor de Dios por nosotros. El coraz\u00f3n de Cristo es el lugar donde el amor de Dios queda manifestado y provado&#8230;.<\/p>\n<p> <a class=\"continue-reading-link\" href=\"https:\/\/iglesia-en-villar.es\/blog\/2022\/06\/18\/editorial-120\/\"><span>Leer m\u00e1s<\/span><i class=\"crycon-right-dir\"><\/i><\/a> <\/p>\n","protected":false},"author":53745,"featured_media":9066,"comment_status":"open","ping_status":"open","sticky":false,"template":"","format":"standard","meta":{"inline_featured_image":false,"footnotes":""},"categories":[13],"tags":[],"class_list":["post-9063","post","type-post","status-publish","format-standard","has-post-thumbnail","hentry","category-editorial"],"better_featured_image":{"id":9066,"alt_text":"","caption":"","description":"","media_type":"image","media_details":{"width":1536,"height":2048,"file":"2022\/06\/PHOTO-2022-06-17-10-04-15.jpg","sizes":{"medium":{"file":"PHOTO-2022-06-17-10-04-15-225x300.jpg","width":225,"height":300,"mime-type":"image\/jpeg","source_url":"https:\/\/iglesia-en-villar.es\/blog\/wp-content\/uploads\/2022\/06\/PHOTO-2022-06-17-10-04-15-225x300.jpg"},"large":{"file":"PHOTO-2022-06-17-10-04-15-768x1024.jpg","width":768,"height":1024,"mime-type":"image\/jpeg","source_url":"https:\/\/iglesia-en-villar.es\/blog\/wp-content\/uploads\/2022\/06\/PHOTO-2022-06-17-10-04-15-768x1024.jpg"},"thumbnail":{"file":"PHOTO-2022-06-17-10-04-15-150x150.jpg","width":150,"height":150,"mime-type":"image\/jpeg","source_url":"https:\/\/iglesia-en-villar.es\/blog\/wp-content\/uploads\/2022\/06\/PHOTO-2022-06-17-10-04-15-150x150.jpg"},"medium_large":{"file":"PHOTO-2022-06-17-10-04-15-768x1024.jpg","width":768,"height":1024,"mime-type":"image\/jpeg","source_url":"https:\/\/iglesia-en-villar.es\/blog\/wp-content\/uploads\/2022\/06\/PHOTO-2022-06-17-10-04-15-768x1024.jpg"},"1536x1536":{"file":"PHOTO-2022-06-17-10-04-15-1152x1536.jpg","width":1152,"height":1536,"mime-type":"image\/jpeg","source_url":"https:\/\/iglesia-en-villar.es\/blog\/wp-content\/uploads\/2022\/06\/PHOTO-2022-06-17-10-04-15-1152x1536.jpg"},"post-thumbnail":{"file":"PHOTO-2022-06-17-10-04-15-113x150.jpg","width":113,"height":150,"mime-type":"image\/jpeg","source_url":"https:\/\/iglesia-en-villar.es\/blog\/wp-content\/uploads\/2022\/06\/PHOTO-2022-06-17-10-04-15-113x150.jpg"},"header":{"file":"PHOTO-2022-06-17-10-04-15-1320x230.jpg","width":1320,"height":230,"mime-type":"image\/jpeg","source_url":"https:\/\/iglesia-en-villar.es\/blog\/wp-content\/uploads\/2022\/06\/PHOTO-2022-06-17-10-04-15-1320x230.jpg"},"slider":{"file":"PHOTO-2022-06-17-10-04-15-1536x580.jpg","width":1536,"height":580,"mime-type":"image\/jpeg","source_url":"https:\/\/iglesia-en-villar.es\/blog\/wp-content\/uploads\/2022\/06\/PHOTO-2022-06-17-10-04-15-1536x580.jpg"},"columns":{"file":"PHOTO-2022-06-17-10-04-15-330x300.jpg","width":330,"height":300,"mime-type":"image\/jpeg","source_url":"https:\/\/iglesia-en-villar.es\/blog\/wp-content\/uploads\/2022\/06\/PHOTO-2022-06-17-10-04-15-330x300.jpg"},"custom":{"file":"PHOTO-2022-06-17-10-04-15-250x333.jpg","width":250,"height":333,"mime-type":"image\/jpeg","source_url":"https:\/\/iglesia-en-villar.es\/blog\/wp-content\/uploads\/2022\/06\/PHOTO-2022-06-17-10-04-15-250x333.jpg"}},"image_meta":{"aperture":"0","credit":"","camera":"","caption":"","created_timestamp":"0","copyright":"","focal_length":"0","iso":"0","shutter_speed":"0","title":"","orientation":"0","keywords":[]}},"post":null,"source_url":"https:\/\/iglesia-en-villar.es\/blog\/wp-content\/uploads\/2022\/06\/PHOTO-2022-06-17-10-04-15.jpg"},"read":true,"_links":{"self":[{"href":"https:\/\/iglesia-en-villar.es\/blog\/wp-json\/wp\/v2\/posts\/9063","targetHints":{"allow":["GET"]}}],"collection":[{"href":"https:\/\/iglesia-en-villar.es\/blog\/wp-json\/wp\/v2\/posts"}],"about":[{"href":"https:\/\/iglesia-en-villar.es\/blog\/wp-json\/wp\/v2\/types\/post"}],"author":[{"embeddable":true,"href":"https:\/\/iglesia-en-villar.es\/blog\/wp-json\/wp\/v2\/users\/53745"}],"replies":[{"embeddable":true,"href":"https:\/\/iglesia-en-villar.es\/blog\/wp-json\/wp\/v2\/comments?post=9063"}],"version-history":[{"count":1,"href":"https:\/\/iglesia-en-villar.es\/blog\/wp-json\/wp\/v2\/posts\/9063\/revisions"}],"predecessor-version":[{"id":9064,"href":"https:\/\/iglesia-en-villar.es\/blog\/wp-json\/wp\/v2\/posts\/9063\/revisions\/9064"}],"wp:featuredmedia":[{"embeddable":true,"href":"https:\/\/iglesia-en-villar.es\/blog\/wp-json\/wp\/v2\/media\/9066"}],"wp:attachment":[{"href":"https:\/\/iglesia-en-villar.es\/blog\/wp-json\/wp\/v2\/media?parent=9063"}],"wp:term":[{"taxonomy":"category","embeddable":true,"href":"https:\/\/iglesia-en-villar.es\/blog\/wp-json\/wp\/v2\/categories?post=9063"},{"taxonomy":"post_tag","embeddable":true,"href":"https:\/\/iglesia-en-villar.es\/blog\/wp-json\/wp\/v2\/tags?post=9063"}],"curies":[{"name":"wp","href":"https:\/\/api.w.org\/{rel}","templated":true}]}}