{"id":9069,"date":"2022-06-24T11:06:49","date_gmt":"2022-06-24T10:06:49","guid":{"rendered":"https:\/\/iglesia-en-villar.es\/blog\/?p=9069"},"modified":"2022-06-24T11:06:50","modified_gmt":"2022-06-24T10:06:50","slug":"avisos-110","status":"publish","type":"post","link":"https:\/\/iglesia-en-villar.es\/blog\/2022\/06\/24\/avisos-110\/","title":{"rendered":"Avisos"},"content":{"rendered":"\n<p><strong>VISITA NUESTRA SE\u00d1ORA DE LOS DESAMPARADOS<\/strong><\/p>\n\n\n\n<p>El Lunes dia 27 de Junio a las 13 Horas (una del medio d\u00eda) recibiremos a la Virgen Peregrina Nuestra Se\u00f1ora de los Desamparados en la plza de la Iglesia<\/p>\n\n\n\n<p><strong>LIMPIEZA MES DE JULIO<\/strong><\/p>\n\n\n\n<p><strong>TEMPLO<\/strong><\/p>\n\n\n\n<p>M. Paz Estevan Estevan<\/p>\n\n\n\n<p>Carmen Capilla Porta<\/p>\n\n\n\n<p>M. Asunci\u00f3n Lamoncha P\u00e9rez<\/p>\n\n\n\n<p>M. Luz Aliaga Diego<\/p>\n\n\n\n<p>Amparo Orero G\u00e1lvez<\/p>\n\n\n\n<p>M. Paz Castellano Porter<\/p>\n\n\n\n<p>Asunci\u00f3n Belenguer Valero<\/p>\n\n\n\n<p>Roci\u00f3 Gil Gil<\/p>\n\n\n\n<p>Lourdes L\u00f3pez Izquierdo<\/p>\n\n\n\n<p>Manolita L\u00f3pez<\/p>\n\n\n\n<p>COLABORADORAS EN PRODUCTOS DE LIMPIEZA<\/p>\n\n\n\n<p>Asunci\u00f3n Mart\u00ednez Castellano<\/p>\n\n\n\n<p>Elena Garc\u00eda Molina<\/p>\n\n\n\n<p>Amelia Montes Domingo<\/p>\n\n\n\n<p>Josefina Alvarado Domingo<\/p>\n\n\n\n<p>Milagros G\u00e1lvez Luz<\/p>\n\n\n\n<p>Colaboradora an\u00f3nima<\/p>\n\n\n\n<p><strong>LOCALES<\/strong><\/p>\n\n\n\n<p><strong>DEL 1 AL 15<\/strong><\/p>\n\n\n\n<p>M. Carmen Moreno y Marilo Angulo<\/p>\n\n\n\n<p><strong>DEL 16 AL 30<\/strong><\/p>\n\n\n\n<p>Rocio Gil Gil y Pepita Torralba<\/p>\n\n\n\n<p><strong>ENCARGADAS DEL ACEITE<\/strong><\/p>\n\n\n\n<p>SUFRAGIO ELENA BARRACHINA BURRIEL<\/p>\n\n\n\n<p>SERAFINA ESTEVAN GARCIA<\/p>\n\n\n\n<p>ANGELES BELENGUER LOPEZ<\/p>\n","protected":false},"excerpt":{"rendered":"<p>VISITA NUESTRA SE\u00d1ORA DE LOS DESAMPARADOS El Lunes dia 27 de Junio a las 13 Horas (una del medio d\u00eda) recibiremos a la Virgen Peregrina Nuestra Se\u00f1ora de los Desamparados en la plza de la Iglesia LIMPIEZA MES DE JULIO TEMPLO M. Paz Estevan Estevan Carmen Capilla Porta M. Asunci\u00f3n Lamoncha P\u00e9rez M. Luz Aliaga Diego Amparo Orero G\u00e1lvez M&#8230;.<\/p>\n<p> <a class=\"continue-reading-link\" href=\"https:\/\/iglesia-en-villar.es\/blog\/2022\/06\/24\/avisos-110\/\"><span>Leer m\u00e1s<\/span><i class=\"crycon-right-dir\"><\/i><\/a> <\/p>\n","protected":false},"author":53745,"featured_media":0,"comment_status":"open","ping_status":"open","sticky":false,"template":"","format":"standard","meta":{"inline_featured_image":false,"footnotes":""},"categories":[10],"tags":[],"class_list":["post-9069","post","type-post","status-publish","format-standard","hentry","category-avisos"],"better_featured_image":null,"read":true,"_links":{"self":[{"href":"https:\/\/iglesia-en-villar.es\/blog\/wp-json\/wp\/v2\/posts\/9069","targetHints":{"allow":["GET"]}}],"collection":[{"href":"https:\/\/iglesia-en-villar.es\/blog\/wp-json\/wp\/v2\/posts"}],"about":[{"href":"https:\/\/iglesia-en-villar.es\/blog\/wp-json\/wp\/v2\/types\/post"}],"author":[{"embeddable":true,"href":"https:\/\/iglesia-en-villar.es\/blog\/wp-json\/wp\/v2\/users\/53745"}],"replies":[{"embeddable":true,"href":"https:\/\/iglesia-en-villar.es\/blog\/wp-json\/wp\/v2\/comments?post=9069"}],"version-history":[{"count":1,"href":"https:\/\/iglesia-en-villar.es\/blog\/wp-json\/wp\/v2\/posts\/9069\/revisions"}],"predecessor-version":[{"id":9070,"href":"https:\/\/iglesia-en-villar.es\/blog\/wp-json\/wp\/v2\/posts\/9069\/revisions\/9070"}],"wp:attachment":[{"href":"https:\/\/iglesia-en-villar.es\/blog\/wp-json\/wp\/v2\/media?parent=9069"}],"wp:term":[{"taxonomy":"category","embeddable":true,"href":"https:\/\/iglesia-en-villar.es\/blog\/wp-json\/wp\/v2\/categories?post=9069"},{"taxonomy":"post_tag","embeddable":true,"href":"https:\/\/iglesia-en-villar.es\/blog\/wp-json\/wp\/v2\/tags?post=9069"}],"curies":[{"name":"wp","href":"https:\/\/api.w.org\/{rel}","templated":true}]}}