{"id":9073,"date":"2022-06-24T11:10:25","date_gmt":"2022-06-24T10:10:25","guid":{"rendered":"https:\/\/iglesia-en-villar.es\/blog\/?p=9073"},"modified":"2022-06-24T11:10:27","modified_gmt":"2022-06-24T10:10:27","slug":"rincon-carmelitano-129","status":"publish","type":"post","link":"https:\/\/iglesia-en-villar.es\/blog\/2022\/06\/24\/rincon-carmelitano-129\/","title":{"rendered":"Rincon Carmelitano"},"content":{"rendered":"\n<p><strong>COMO EL BARRO EN LAS MANOS DEL ALFARERO<\/strong><\/p>\n\n\n\n<p>A veces en la oraci\u00f3n y en la vida, nos sentimos ante Dios como barro entre sus manos. Muchas veces lo hemos cantado: \u00abYo quiero ser, Se\u00f1or, amado, como el barro en manos del alfarero; toma mi vida, hazla de nuevo, yo quiero ser un vaso nuevo\u00bb: Y si somo arcilla en manos del Se\u00f1or, lo propio es dejarnos hacer por \u00c9l: H\u00e1gase en m\u00ed tu obra\u00bb. Aceptamos nuestra desnudez, pobreza, pero sobre todo abrazamos la riqueza de su bendici\u00f3n amorosa, la originalidad con que se acerca a nosotros para hacernos contemplativos. Queremos descubrir a Dios sin huir de nosotros. En nuestra humanidad, la de cada d\u00eda, albergamos una presecia amorosa que nos convida a su amistad.<\/p>\n\n\n\n<p>Por eso lo m\u00e1s importante en la oraci\u00f3n no es lo que hacemos nosotros sino lo que hace Dios en nosotros, modelando nuestro coraz\u00f3n, voluntad sentimientos, proyectos. La contemplaci\u00f3n no es fruto de t\u00e9cnicas ni de esfuerzos. De esta disposici\u00f3n habla San Juan de la Cruz \u00abPara que el entendimiento est\u00e9 dispuesto para esta divina uni\u00f3n, ha de quedar limpio y vac\u00edo&#8230;\u00edntimamente sosegado y callado, puesto en fe, la cual es sola el pr\u00f3ximo y apropiado medio para que el alma se una con Dios. Dios quiere contar con nuestra libertad para hacer su obra. en medida que dejemos a Dios obrar de verdad, \u00c9l obra en nosotros con entra\u00f1able ternura, con delicado amor. No tenemos que decirle a Dios c\u00f3mo tiene que modelarnos, ni necesitamos marcarle los caminos. \u00c9l sabe lo que nos conviene mejor. \u00abDe un alma que est\u00e1 ya determinada a amaros y dejada en vuestras manos, no quer\u00e9is otra cosa, sino que obedezca y se informe bien de lo que es m\u00e1s servicio vuestro, y eso desee. No ha menester ella buscar los caminos ni escogerlos que ya su voluntad es vuestra. Dice Santa Teresa, Vos, Se\u00f1or m\u00edo, tom\u00e1is ese cuidado de guiarla por donde m\u00e1 se aproveche. Vos, Dios m\u00edo, le ten\u00e9is y vais disponiendo el alma y las cosas que se tratan de manera que sin entender c\u00f3mo, nos hallamos con esp\u00edritu y gran aprovechamiento, que nos deja despu\u00e9s espantadas (F 5,6) Todo nuestro bien consiste en recibir de qui\u00e9n es tan amigo de dar y darse por entero. Su Majestad nunca se cansa de dar\u2026<\/p>\n\n\n\n<p>HERMANAS CARMELITAS<\/p>\n\n\n\n<p><\/p>\n","protected":false},"excerpt":{"rendered":"<p>COMO EL BARRO EN LAS MANOS DEL ALFARERO A veces en la oraci\u00f3n y en la vida, nos sentimos ante Dios como barro entre sus manos. Muchas veces lo hemos cantado: \u00abYo quiero ser, Se\u00f1or, amado, como el barro en manos del alfarero; toma mi vida, hazla de nuevo, yo quiero ser un vaso nuevo\u00bb: Y si somo arcilla en&#8230;<\/p>\n<p> <a class=\"continue-reading-link\" href=\"https:\/\/iglesia-en-villar.es\/blog\/2022\/06\/24\/rincon-carmelitano-129\/\"><span>Leer m\u00e1s<\/span><i class=\"crycon-right-dir\"><\/i><\/a> <\/p>\n","protected":false},"author":53745,"featured_media":9078,"comment_status":"open","ping_status":"open","sticky":false,"template":"","format":"standard","meta":{"inline_featured_image":false,"footnotes":""},"categories":[5],"tags":[],"class_list":["post-9073","post","type-post","status-publish","format-standard","has-post-thumbnail","hentry","category-monasterio"],"better_featured_image":{"id":9078,"alt_text":"","caption":"","description":"","media_type":"image","media_details":{"width":206,"height":208,"file":"2022\/06\/RINCON.png","sizes":{"thumbnail":{"file":"RINCON-150x150.png","width":150,"height":150,"mime-type":"image\/png","source_url":"https:\/\/iglesia-en-villar.es\/blog\/wp-content\/uploads\/2022\/06\/RINCON-150x150.png"},"post-thumbnail":{"file":"RINCON-150x150.png","width":150,"height":150,"mime-type":"image\/png","source_url":"https:\/\/iglesia-en-villar.es\/blog\/wp-content\/uploads\/2022\/06\/RINCON-150x150.png"}},"image_meta":{"aperture":"0","credit":"","camera":"","caption":"","created_timestamp":"0","copyright":"","focal_length":"0","iso":"0","shutter_speed":"0","title":"","orientation":"0","keywords":[]}},"post":null,"source_url":"https:\/\/iglesia-en-villar.es\/blog\/wp-content\/uploads\/2022\/06\/RINCON.png"},"read":true,"_links":{"self":[{"href":"https:\/\/iglesia-en-villar.es\/blog\/wp-json\/wp\/v2\/posts\/9073","targetHints":{"allow":["GET"]}}],"collection":[{"href":"https:\/\/iglesia-en-villar.es\/blog\/wp-json\/wp\/v2\/posts"}],"about":[{"href":"https:\/\/iglesia-en-villar.es\/blog\/wp-json\/wp\/v2\/types\/post"}],"author":[{"embeddable":true,"href":"https:\/\/iglesia-en-villar.es\/blog\/wp-json\/wp\/v2\/users\/53745"}],"replies":[{"embeddable":true,"href":"https:\/\/iglesia-en-villar.es\/blog\/wp-json\/wp\/v2\/comments?post=9073"}],"version-history":[{"count":1,"href":"https:\/\/iglesia-en-villar.es\/blog\/wp-json\/wp\/v2\/posts\/9073\/revisions"}],"predecessor-version":[{"id":9074,"href":"https:\/\/iglesia-en-villar.es\/blog\/wp-json\/wp\/v2\/posts\/9073\/revisions\/9074"}],"wp:featuredmedia":[{"embeddable":true,"href":"https:\/\/iglesia-en-villar.es\/blog\/wp-json\/wp\/v2\/media\/9078"}],"wp:attachment":[{"href":"https:\/\/iglesia-en-villar.es\/blog\/wp-json\/wp\/v2\/media?parent=9073"}],"wp:term":[{"taxonomy":"category","embeddable":true,"href":"https:\/\/iglesia-en-villar.es\/blog\/wp-json\/wp\/v2\/categories?post=9073"},{"taxonomy":"post_tag","embeddable":true,"href":"https:\/\/iglesia-en-villar.es\/blog\/wp-json\/wp\/v2\/tags?post=9073"}],"curies":[{"name":"wp","href":"https:\/\/api.w.org\/{rel}","templated":true}]}}