{"id":9082,"date":"2022-07-01T16:46:22","date_gmt":"2022-07-01T15:46:22","guid":{"rendered":"https:\/\/iglesia-en-villar.es\/blog\/?p=9082"},"modified":"2022-07-01T16:46:25","modified_gmt":"2022-07-01T15:46:25","slug":"avisos-111","status":"publish","type":"post","link":"https:\/\/iglesia-en-villar.es\/blog\/2022\/07\/01\/avisos-111\/","title":{"rendered":"Avisos"},"content":{"rendered":"\n<p><strong>MARTES D\u00cdA 5<\/strong><\/p>\n\n\n\n<p><strong>19,30 Horas desde el Templo traslado de la Virgen a la Plaza del Doctor Cebollada Ayerbes<\/strong><\/p>\n\n\n\n<p><strong>20 HORAS MISA DE CAMPA\u00d1A.<\/strong><\/p>\n\n\n\n<p><strong>A Continuaci\u00f3n Procesi\u00f3n hasta el Templo.<\/strong><\/p>\n\n\n\n<p><strong>S\u00c1BADO D\u00cdA 9<\/strong><\/p>\n\n\n\n<p><strong>12 Horas Bendici\u00f3n de Veh\u00edculos la calle de las cruces.<\/strong><\/p>\n","protected":false},"excerpt":{"rendered":"<p>MARTES D\u00cdA 5 19,30 Horas desde el Templo traslado de la Virgen a la Plaza del Doctor Cebollada Ayerbes 20 HORAS MISA DE CAMPA\u00d1A. A Continuaci\u00f3n Procesi\u00f3n hasta el Templo. S\u00c1BADO D\u00cdA 9 12 Horas Bendici\u00f3n de Veh\u00edculos la calle de las cruces.<\/p>\n<p> <a class=\"continue-reading-link\" href=\"https:\/\/iglesia-en-villar.es\/blog\/2022\/07\/01\/avisos-111\/\"><span>Leer m\u00e1s<\/span><i class=\"crycon-right-dir\"><\/i><\/a> <\/p>\n","protected":false},"author":53745,"featured_media":0,"comment_status":"open","ping_status":"open","sticky":false,"template":"","format":"standard","meta":{"inline_featured_image":false,"footnotes":""},"categories":[10],"tags":[],"class_list":["post-9082","post","type-post","status-publish","format-standard","hentry","category-avisos"],"better_featured_image":null,"read":true,"_links":{"self":[{"href":"https:\/\/iglesia-en-villar.es\/blog\/wp-json\/wp\/v2\/posts\/9082","targetHints":{"allow":["GET"]}}],"collection":[{"href":"https:\/\/iglesia-en-villar.es\/blog\/wp-json\/wp\/v2\/posts"}],"about":[{"href":"https:\/\/iglesia-en-villar.es\/blog\/wp-json\/wp\/v2\/types\/post"}],"author":[{"embeddable":true,"href":"https:\/\/iglesia-en-villar.es\/blog\/wp-json\/wp\/v2\/users\/53745"}],"replies":[{"embeddable":true,"href":"https:\/\/iglesia-en-villar.es\/blog\/wp-json\/wp\/v2\/comments?post=9082"}],"version-history":[{"count":1,"href":"https:\/\/iglesia-en-villar.es\/blog\/wp-json\/wp\/v2\/posts\/9082\/revisions"}],"predecessor-version":[{"id":9083,"href":"https:\/\/iglesia-en-villar.es\/blog\/wp-json\/wp\/v2\/posts\/9082\/revisions\/9083"}],"wp:attachment":[{"href":"https:\/\/iglesia-en-villar.es\/blog\/wp-json\/wp\/v2\/media?parent=9082"}],"wp:term":[{"taxonomy":"category","embeddable":true,"href":"https:\/\/iglesia-en-villar.es\/blog\/wp-json\/wp\/v2\/categories?post=9082"},{"taxonomy":"post_tag","embeddable":true,"href":"https:\/\/iglesia-en-villar.es\/blog\/wp-json\/wp\/v2\/tags?post=9082"}],"curies":[{"name":"wp","href":"https:\/\/api.w.org\/{rel}","templated":true}]}}