{"id":9088,"date":"2022-07-01T16:54:41","date_gmt":"2022-07-01T15:54:41","guid":{"rendered":"https:\/\/iglesia-en-villar.es\/blog\/?p=9088"},"modified":"2022-07-01T16:54:43","modified_gmt":"2022-07-01T15:54:43","slug":"editorial-122","status":"publish","type":"post","link":"https:\/\/iglesia-en-villar.es\/blog\/2022\/07\/01\/editorial-122\/","title":{"rendered":"Editorial"},"content":{"rendered":"\n<h2 class=\"has-text-align-center wp-block-heading\"><strong>La Liturgia del Papa Francisco<\/strong><\/h2>\n\n\n\n<p>En los \u00faltimos d\u00edas el Santo Padre Francisco nos ha sorprendido con la publicaci\u00f3n de un documento para el pueblo fiel sobre la liturgia en la vida de la Iglesia. En un momento complejo para la vivencia de la fe, para la celebraci\u00f3n de los sacramentos y para mantener viva la conciencia de la importancia de la Eucarist\u00eda dominical, el Papa sale al encuentro de los cristianos para recordaros cu\u00e1nto bien nos hace no solo tener fe, sino vivirla y celebrarla.<\/p>\n\n\n\n<p>Esto es la liturgia, celebrar la fe, que el hombre pueda en su limitaci\u00f3n, a trav\u00e9s de la sacramentalidad, actualizar este encuentro fundamental que es necesario para la vivencia de la fe, la relaci\u00f3n entre la Iglesia, entre cada uno de nosotros, y Cristo resucitado.<\/p>\n\n\n\n<p>\u201c<em>Desiderio desideravi\u201d <\/em>es el t\u00edtulo que Francisco ha elegido para este documento, las primeras palabras de la preciosa cita que encabeza el pasaje de la \u00faltima cena en el Evangelio de Lucas: \u201c<em>Ardientemente he deseado comer esta Pascua con vosotros, antes de padecer\u201d<\/em>&nbsp;(<em>Lc<\/em>&nbsp;22,15). Ya el mismo t\u00edtulo nos interpela, pues el deseo de Jes\u00fas de compartir con nosotros su banquete de salvaci\u00f3n nos pregunta a nosotros por nuestra propia vivencia de la fe y la Eucarist\u00eda. \u00bfDeseamos tambi\u00e9n nosotros participar de la mesa de Jes\u00fas? \u00bfVivimos con anhelo nuestra participaci\u00f3n en la Eucarist\u00eda?<\/p>\n\n\n\n<p>El Papa creo personalmente que recorre en esta carta dos grandes problemas de los cristianos contempor\u00e1neos: la comprensi\u00f3n sana y adecuada de la liturgia, que no es magia ni misterio, sino vivencia humana de la grandeza de Dios que en nuestra peque\u00f1ez solo podemos alcanzar a trav\u00e9s de los signos sacramentales; y la importancia de celebrar la fe como Iglesia, como comunidad cristiana, poniendo en el centro la Eucarist\u00eda y record\u00e1ndonos que sin ella, la Iglesia no tiene a Cristo, porque no se alimenta de \u00e9l ni tiene experiencia del encuentro.<\/p>\n\n\n\n<p>Quiz\u00e1s el Papa nos est\u00e9 invitando a nosotros, en concreto a la parroquia de Villar del Arzobispo a que iniciemos un camino de renovaci\u00f3n eucar\u00edstica, en el que nos acerquemos a la celebraci\u00f3n de la fe no desde la ritualidad y la costumbre, sino desde el gozo y el agradecimiento de quien se siente necesitado del encuentro con Jes\u00fas, que vivo y resucitado viene cada d\u00eda a nuestro encuentro en la sencillez de la mesa preparada y el pan y el vino de nuestras vidas.<\/p>\n\n\n\n<p>Desde esta perspectiva la liturgia se convierte en alegr\u00eda y regalo, la celebraci\u00f3n de los sacramentos en bendici\u00f3n, y la Eucarist\u00eda en una celebraci\u00f3n gozosa de la comunidad cristiana, de la Iglesia que en cada lugar del mundo bendice a Dios por el regalo de su Hijo Jesucristo, esperanza y destino de todos los hombres.<\/p>\n\n\n\n<p>Ah\u00ed est\u00e1 la prueba de nuestra fe, en sentirnos cada d\u00eda m\u00e1s necesitados de celebrar la fe con alegr\u00eda y sentirnos invitados a comer con el Se\u00f1or del pan de la vida. All\u00ed est\u00e1 \u00e9l, all\u00ed nos espera cada d\u00eda. \u00bfQui\u00e9n quiere perderse este regalo?<\/p>\n\n\n\n<p>Quique, vuestro cura.<\/p>\n","protected":false},"excerpt":{"rendered":"<p>La Liturgia del Papa Francisco En los \u00faltimos d\u00edas el Santo Padre Francisco nos ha sorprendido con la publicaci\u00f3n de un documento para el pueblo fiel sobre la liturgia en la vida de la Iglesia. En un momento complejo para la vivencia de la fe, para la celebraci\u00f3n de los sacramentos y para mantener viva la conciencia de la importancia&#8230;<\/p>\n<p> <a class=\"continue-reading-link\" href=\"https:\/\/iglesia-en-villar.es\/blog\/2022\/07\/01\/editorial-122\/\"><span>Leer m\u00e1s<\/span><i class=\"crycon-right-dir\"><\/i><\/a> <\/p>\n","protected":false},"author":53745,"featured_media":9092,"comment_status":"open","ping_status":"open","sticky":false,"template":"","format":"standard","meta":{"inline_featured_image":false,"footnotes":""},"categories":[13],"tags":[],"class_list":["post-9088","post","type-post","status-publish","format-standard","has-post-thumbnail","hentry","category-editorial"],"better_featured_image":{"id":9092,"alt_text":"","caption":"","description":"","media_type":"image","media_details":{"width":2048,"height":1365,"file":"2022\/07\/WhatsApp-Image-2022-06-09-at-5.12.15-PM-1.jpeg","sizes":{"medium":{"file":"WhatsApp-Image-2022-06-09-at-5.12.15-PM-1-300x200.jpeg","width":300,"height":200,"mime-type":"image\/jpeg","source_url":"https:\/\/iglesia-en-villar.es\/blog\/wp-content\/uploads\/2022\/07\/WhatsApp-Image-2022-06-09-at-5.12.15-PM-1-300x200.jpeg"},"large":{"file":"WhatsApp-Image-2022-06-09-at-5.12.15-PM-1-1024x683.jpeg","width":1024,"height":683,"mime-type":"image\/jpeg","source_url":"https:\/\/iglesia-en-villar.es\/blog\/wp-content\/uploads\/2022\/07\/WhatsApp-Image-2022-06-09-at-5.12.15-PM-1-1024x683.jpeg"},"thumbnail":{"file":"WhatsApp-Image-2022-06-09-at-5.12.15-PM-1-150x150.jpeg","width":150,"height":150,"mime-type":"image\/jpeg","source_url":"https:\/\/iglesia-en-villar.es\/blog\/wp-content\/uploads\/2022\/07\/WhatsApp-Image-2022-06-09-at-5.12.15-PM-1-150x150.jpeg"},"medium_large":{"file":"WhatsApp-Image-2022-06-09-at-5.12.15-PM-1-768x512.jpeg","width":768,"height":512,"mime-type":"image\/jpeg","source_url":"https:\/\/iglesia-en-villar.es\/blog\/wp-content\/uploads\/2022\/07\/WhatsApp-Image-2022-06-09-at-5.12.15-PM-1-768x512.jpeg"},"1536x1536":{"file":"WhatsApp-Image-2022-06-09-at-5.12.15-PM-1-1536x1024.jpeg","width":1536,"height":1024,"mime-type":"image\/jpeg","source_url":"https:\/\/iglesia-en-villar.es\/blog\/wp-content\/uploads\/2022\/07\/WhatsApp-Image-2022-06-09-at-5.12.15-PM-1-1536x1024.jpeg"},"post-thumbnail":{"file":"WhatsApp-Image-2022-06-09-at-5.12.15-PM-1-150x100.jpeg","width":150,"height":100,"mime-type":"image\/jpeg","source_url":"https:\/\/iglesia-en-villar.es\/blog\/wp-content\/uploads\/2022\/07\/WhatsApp-Image-2022-06-09-at-5.12.15-PM-1-150x100.jpeg"},"header":{"file":"WhatsApp-Image-2022-06-09-at-5.12.15-PM-1-1320x230.jpeg","width":1320,"height":230,"mime-type":"image\/jpeg","source_url":"https:\/\/iglesia-en-villar.es\/blog\/wp-content\/uploads\/2022\/07\/WhatsApp-Image-2022-06-09-at-5.12.15-PM-1-1320x230.jpeg"},"slider":{"file":"WhatsApp-Image-2022-06-09-at-5.12.15-PM-1-1920x580.jpeg","width":1920,"height":580,"mime-type":"image\/jpeg","source_url":"https:\/\/iglesia-en-villar.es\/blog\/wp-content\/uploads\/2022\/07\/WhatsApp-Image-2022-06-09-at-5.12.15-PM-1-1920x580.jpeg"},"columns":{"file":"WhatsApp-Image-2022-06-09-at-5.12.15-PM-1-330x300.jpeg","width":330,"height":300,"mime-type":"image\/jpeg","source_url":"https:\/\/iglesia-en-villar.es\/blog\/wp-content\/uploads\/2022\/07\/WhatsApp-Image-2022-06-09-at-5.12.15-PM-1-330x300.jpeg"},"custom":{"file":"WhatsApp-Image-2022-06-09-at-5.12.15-PM-1-250x167.jpeg","width":250,"height":167,"mime-type":"image\/jpeg","source_url":"https:\/\/iglesia-en-villar.es\/blog\/wp-content\/uploads\/2022\/07\/WhatsApp-Image-2022-06-09-at-5.12.15-PM-1-250x167.jpeg"}},"image_meta":{"aperture":"0","credit":"","camera":"","caption":"","created_timestamp":"0","copyright":"","focal_length":"0","iso":"0","shutter_speed":"0","title":"","orientation":"0","keywords":[]}},"post":null,"source_url":"https:\/\/iglesia-en-villar.es\/blog\/wp-content\/uploads\/2022\/07\/WhatsApp-Image-2022-06-09-at-5.12.15-PM-1.jpeg"},"read":true,"_links":{"self":[{"href":"https:\/\/iglesia-en-villar.es\/blog\/wp-json\/wp\/v2\/posts\/9088","targetHints":{"allow":["GET"]}}],"collection":[{"href":"https:\/\/iglesia-en-villar.es\/blog\/wp-json\/wp\/v2\/posts"}],"about":[{"href":"https:\/\/iglesia-en-villar.es\/blog\/wp-json\/wp\/v2\/types\/post"}],"author":[{"embeddable":true,"href":"https:\/\/iglesia-en-villar.es\/blog\/wp-json\/wp\/v2\/users\/53745"}],"replies":[{"embeddable":true,"href":"https:\/\/iglesia-en-villar.es\/blog\/wp-json\/wp\/v2\/comments?post=9088"}],"version-history":[{"count":1,"href":"https:\/\/iglesia-en-villar.es\/blog\/wp-json\/wp\/v2\/posts\/9088\/revisions"}],"predecessor-version":[{"id":9089,"href":"https:\/\/iglesia-en-villar.es\/blog\/wp-json\/wp\/v2\/posts\/9088\/revisions\/9089"}],"wp:featuredmedia":[{"embeddable":true,"href":"https:\/\/iglesia-en-villar.es\/blog\/wp-json\/wp\/v2\/media\/9092"}],"wp:attachment":[{"href":"https:\/\/iglesia-en-villar.es\/blog\/wp-json\/wp\/v2\/media?parent=9088"}],"wp:term":[{"taxonomy":"category","embeddable":true,"href":"https:\/\/iglesia-en-villar.es\/blog\/wp-json\/wp\/v2\/categories?post=9088"},{"taxonomy":"post_tag","embeddable":true,"href":"https:\/\/iglesia-en-villar.es\/blog\/wp-json\/wp\/v2\/tags?post=9088"}],"curies":[{"name":"wp","href":"https:\/\/api.w.org\/{rel}","templated":true}]}}