{"id":9102,"date":"2022-07-08T11:41:07","date_gmt":"2022-07-08T10:41:07","guid":{"rendered":"https:\/\/iglesia-en-villar.es\/blog\/?p=9102"},"modified":"2022-07-08T11:41:09","modified_gmt":"2022-07-08T10:41:09","slug":"editorial-123","status":"publish","type":"post","link":"https:\/\/iglesia-en-villar.es\/blog\/2022\/07\/08\/editorial-123\/","title":{"rendered":"Editorial"},"content":{"rendered":"\n<h2 class=\"has-text-align-center wp-block-heading\"><strong>De la Carta del Papa Francisco sobre la Sagrada Liturgia<\/strong><\/h2>\n\n\n\n<p><strong>1.<\/strong>&nbsp;Queridos hermanos y hermanas:<\/p>\n\n\n\n<p>con esta carta deseo llegar a todos \u2013despu\u00e9s de haber escrito a los obispos tras la publicaci\u00f3n del Motu Proprio&nbsp;<a href=\"https:\/\/www.vatican.va\/content\/francesco\/es\/motu_proprio\/documents\/20210716-motu-proprio-traditionis-custodes.html\"><em><u>Traditionis custodes<\/u><\/em><\/a>\u2013 para compartir con vosotros algunas reflexiones sobre la Liturgia, dimensi\u00f3n fundamental para la vida de la Iglesia. El tema es muy extenso y merece una atenta consideraci\u00f3n en todos sus aspectos: sin embargo, con este escrito no pretendo tratar la cuesti\u00f3n de forma exhaustiva. Quiero ofrecer simplemente algunos elementos de reflexi\u00f3n para contemplar la belleza y la verdad de la celebraci\u00f3n cristiana.<\/p>\n\n\n\n<p><em>La Liturgia: el \u201choy\u201d de la historia de la salvaci\u00f3n<\/em><\/p>\n\n\n\n<p><strong>2.<\/strong>&nbsp;<em>\u201cArdientemente he deseado comer esta Pascua con vosotros, antes de padecer\u201d<\/em>&nbsp;(<em>Lc<\/em>&nbsp;22,15) Las palabras de Jes\u00fas con las cuales inicia el relato de la \u00faltima Cena son el medio por el que se nos da la asombrosa posibilidad de vislumbrar la profundidad del amor de las Personas de la Sant\u00edsima Trinidad hacia nosotros.<\/p>\n\n\n\n<p><strong>3.<\/strong>&nbsp;Pedro y Juan hab\u00edan sido enviados a preparar lo necesario para poder comer la Pascua, pero, mir\u00e1ndolo bien, toda la creaci\u00f3n, toda la historia \u2013que finalmente estaba a punto de revelarse como historia de salvaci\u00f3n\u2013 es una gran preparaci\u00f3n de aquella Cena. Pedro y los dem\u00e1s est\u00e1n en esa mesa, inconscientes y, sin embargo, necesarios: todo don, para ser tal, debe tener alguien dispuesto a recibirlo. En este caso, la desproporci\u00f3n entre la inmensidad del don y la peque\u00f1ez de quien lo recibe es infinita y no puede dejar de sorprendernos. Sin embargo \u2013 por la misericordia del Se\u00f1or \u2013 el don se conf\u00eda a los Ap\u00f3stoles para que sea llevado a todos los hombres.<\/p>\n\n\n\n<p><strong>4.<\/strong>&nbsp;Nadie se gan\u00f3 el puesto en esa Cena, todos fueron invitados, o, mejor dicho, atra\u00eddos por el deseo ardiente que Jes\u00fas tiene de comer esa Pascua con ellos: \u00c9l sabe que es el Cordero de esa Pascua, sabe que es la Pascua. Esta es la novedad absoluta de esa Cena, la \u00fanica y verdadera novedad de la historia, que hace que esa Cena sea \u00fanica y, por eso, \u201c\u00faltima\u201d, irrepetible. Sin embargo, su infinito deseo de restablecer esa comuni\u00f3n con nosotros, que era y sigue siendo su proyecto original, no se podr\u00e1 saciar hasta que todo hombre,&nbsp;<em>de toda tribu, lengua, pueblo y naci\u00f3n<\/em>&nbsp;(<em>Ap<\/em>&nbsp;5,9) haya comido su Cuerpo y bebido su Sangre: por eso, esa misma Cena se har\u00e1 presente en la celebraci\u00f3n de la Eucarist\u00eda hasta su vuelta.<\/p>\n\n\n\n<p><strong>5.<\/strong>&nbsp;El mundo todav\u00eda no lo sabe, pero todos est\u00e1n&nbsp;<em>invitados al banquete de bodas del Cordero<\/em>&nbsp;(<em>Ap<\/em>&nbsp;19,9). Lo \u00fanico que se necesita para acceder es el vestido nupcial de la fe que viene por medio de la escucha de su Palabra (cfr.&nbsp;<em>Rom<\/em>&nbsp;10,17): la Iglesia lo confecciona a medida, con la blancura de una vestidura&nbsp;<em>lavada en la Sangre del Cordero<\/em>&nbsp;(cfr.&nbsp;<em>Ap<\/em>&nbsp;7,14). No debemos tener ni un momento de descanso, sabiendo que no todos han recibido a\u00fan la invitaci\u00f3n a la Cena, o que otros la han olvidado o perdido en los tortuosos caminos de la vida de los hombres. Por eso, he dicho que \u201csue\u00f1o con una opci\u00f3n misionera capaz de transformarlo todo, para que las costumbres, los estilos, los horarios, el lenguaje y toda estructura eclesial se convierta en un cauce adecuado para la evangelizaci\u00f3n del mundo actual m\u00e1s que para la autopreservaci\u00f3n\u201d (<a href=\"https:\/\/www.vatican.va\/content\/francesco\/es\/apost_exhortations\/documents\/papa-francesco_esortazione-ap_20131124_evangelii-gaudium.html#Una_impostergable_renovaci%C3%B3n_eclesial\"><em><u>Evangelii gaudium<\/u><\/em><\/a>, n. 27): para que todos puedan sentarse a la Cena del sacrificio del Cordero y vivir de \u00c9l.<\/p>\n","protected":false},"excerpt":{"rendered":"<p>De la Carta del Papa Francisco sobre la Sagrada Liturgia 1.&nbsp;Queridos hermanos y hermanas: con esta carta deseo llegar a todos \u2013despu\u00e9s de haber escrito a los obispos tras la publicaci\u00f3n del Motu Proprio&nbsp;Traditionis custodes\u2013 para compartir con vosotros algunas reflexiones sobre la Liturgia, dimensi\u00f3n fundamental para la vida de la Iglesia. El tema es muy extenso y merece una&#8230;<\/p>\n<p> <a class=\"continue-reading-link\" href=\"https:\/\/iglesia-en-villar.es\/blog\/2022\/07\/08\/editorial-123\/\"><span>Leer m\u00e1s<\/span><i class=\"crycon-right-dir\"><\/i><\/a> <\/p>\n","protected":false},"author":53745,"featured_media":9106,"comment_status":"open","ping_status":"open","sticky":false,"template":"","format":"standard","meta":{"inline_featured_image":false,"footnotes":""},"categories":[13],"tags":[],"class_list":["post-9102","post","type-post","status-publish","format-standard","has-post-thumbnail","hentry","category-editorial"],"better_featured_image":{"id":9106,"alt_text":"","caption":"","description":"","media_type":"image","media_details":{"width":1024,"height":724,"file":"2022\/07\/papa-francisco-reabre-basilica-san-pedro-1024x724-1.jpeg","sizes":{"medium":{"file":"papa-francisco-reabre-basilica-san-pedro-1024x724-1-300x212.jpeg","width":300,"height":212,"mime-type":"image\/jpeg","source_url":"https:\/\/iglesia-en-villar.es\/blog\/wp-content\/uploads\/2022\/07\/papa-francisco-reabre-basilica-san-pedro-1024x724-1-300x212.jpeg"},"thumbnail":{"file":"papa-francisco-reabre-basilica-san-pedro-1024x724-1-150x150.jpeg","width":150,"height":150,"mime-type":"image\/jpeg","source_url":"https:\/\/iglesia-en-villar.es\/blog\/wp-content\/uploads\/2022\/07\/papa-francisco-reabre-basilica-san-pedro-1024x724-1-150x150.jpeg"},"medium_large":{"file":"papa-francisco-reabre-basilica-san-pedro-1024x724-1-768x543.jpeg","width":768,"height":543,"mime-type":"image\/jpeg","source_url":"https:\/\/iglesia-en-villar.es\/blog\/wp-content\/uploads\/2022\/07\/papa-francisco-reabre-basilica-san-pedro-1024x724-1-768x543.jpeg"},"post-thumbnail":{"file":"papa-francisco-reabre-basilica-san-pedro-1024x724-1-150x106.jpeg","width":150,"height":106,"mime-type":"image\/jpeg","source_url":"https:\/\/iglesia-en-villar.es\/blog\/wp-content\/uploads\/2022\/07\/papa-francisco-reabre-basilica-san-pedro-1024x724-1-150x106.jpeg"},"header":{"file":"papa-francisco-reabre-basilica-san-pedro-1024x724-1-1024x230.jpeg","width":1024,"height":230,"mime-type":"image\/jpeg","source_url":"https:\/\/iglesia-en-villar.es\/blog\/wp-content\/uploads\/2022\/07\/papa-francisco-reabre-basilica-san-pedro-1024x724-1-1024x230.jpeg"},"slider":{"file":"papa-francisco-reabre-basilica-san-pedro-1024x724-1-1024x580.jpeg","width":1024,"height":580,"mime-type":"image\/jpeg","source_url":"https:\/\/iglesia-en-villar.es\/blog\/wp-content\/uploads\/2022\/07\/papa-francisco-reabre-basilica-san-pedro-1024x724-1-1024x580.jpeg"},"columns":{"file":"papa-francisco-reabre-basilica-san-pedro-1024x724-1-330x300.jpeg","width":330,"height":300,"mime-type":"image\/jpeg","source_url":"https:\/\/iglesia-en-villar.es\/blog\/wp-content\/uploads\/2022\/07\/papa-francisco-reabre-basilica-san-pedro-1024x724-1-330x300.jpeg"},"custom":{"file":"papa-francisco-reabre-basilica-san-pedro-1024x724-1-250x177.jpeg","width":250,"height":177,"mime-type":"image\/jpeg","source_url":"https:\/\/iglesia-en-villar.es\/blog\/wp-content\/uploads\/2022\/07\/papa-francisco-reabre-basilica-san-pedro-1024x724-1-250x177.jpeg"}},"image_meta":{"aperture":"0","credit":"","camera":"","caption":"","created_timestamp":"0","copyright":"","focal_length":"0","iso":"0","shutter_speed":"0","title":"","orientation":"0","keywords":[]}},"post":null,"source_url":"https:\/\/iglesia-en-villar.es\/blog\/wp-content\/uploads\/2022\/07\/papa-francisco-reabre-basilica-san-pedro-1024x724-1.jpeg"},"read":true,"_links":{"self":[{"href":"https:\/\/iglesia-en-villar.es\/blog\/wp-json\/wp\/v2\/posts\/9102","targetHints":{"allow":["GET"]}}],"collection":[{"href":"https:\/\/iglesia-en-villar.es\/blog\/wp-json\/wp\/v2\/posts"}],"about":[{"href":"https:\/\/iglesia-en-villar.es\/blog\/wp-json\/wp\/v2\/types\/post"}],"author":[{"embeddable":true,"href":"https:\/\/iglesia-en-villar.es\/blog\/wp-json\/wp\/v2\/users\/53745"}],"replies":[{"embeddable":true,"href":"https:\/\/iglesia-en-villar.es\/blog\/wp-json\/wp\/v2\/comments?post=9102"}],"version-history":[{"count":1,"href":"https:\/\/iglesia-en-villar.es\/blog\/wp-json\/wp\/v2\/posts\/9102\/revisions"}],"predecessor-version":[{"id":9103,"href":"https:\/\/iglesia-en-villar.es\/blog\/wp-json\/wp\/v2\/posts\/9102\/revisions\/9103"}],"wp:featuredmedia":[{"embeddable":true,"href":"https:\/\/iglesia-en-villar.es\/blog\/wp-json\/wp\/v2\/media\/9106"}],"wp:attachment":[{"href":"https:\/\/iglesia-en-villar.es\/blog\/wp-json\/wp\/v2\/media?parent=9102"}],"wp:term":[{"taxonomy":"category","embeddable":true,"href":"https:\/\/iglesia-en-villar.es\/blog\/wp-json\/wp\/v2\/categories?post=9102"},{"taxonomy":"post_tag","embeddable":true,"href":"https:\/\/iglesia-en-villar.es\/blog\/wp-json\/wp\/v2\/tags?post=9102"}],"curies":[{"name":"wp","href":"https:\/\/api.w.org\/{rel}","templated":true}]}}