{"id":9110,"date":"2022-07-16T10:42:41","date_gmt":"2022-07-16T09:42:41","guid":{"rendered":"https:\/\/iglesia-en-villar.es\/blog\/?p=9110"},"modified":"2022-07-16T10:42:44","modified_gmt":"2022-07-16T09:42:44","slug":"intenciones-de-misa-114","status":"publish","type":"post","link":"https:\/\/iglesia-en-villar.es\/blog\/2022\/07\/16\/intenciones-de-misa-114\/","title":{"rendered":"Intenciones de Misa"},"content":{"rendered":"\n<p><strong>LUNES 18<\/strong><\/p>\n\n\n\n<p>8,30 H CONVENTO<\/p>\n\n\n\n<p>19,00 H. <strong>CELEBRACI\u00d3N EN MENORIA de<\/strong><\/p>\n\n\n\n<p><strong>CONSTANTIN TITILIUC.<\/strong><\/p>\n\n\n\n<p>19,30 H TEMPLO SANTO ROSARIO<\/p>\n\n\n\n<p>20.00 H TEMPLO MISA.<\/p>\n\n\n\n<p><strong>ANIVERSARIO FUNERAL DE FINA ARC\u00d3N L\u00d3PEZ.<\/strong><\/p>\n\n\n\n<p><strong>MARTES <\/strong><strong>1<\/strong><strong>9<\/strong><\/p>\n\n\n\n<p>8,30 H CONVENTO<\/p>\n\n\n\n<p>19,30 H TEMPLO SANTO ROSARIO.<\/p>\n\n\n\n<p>20.00 H TEMPLO MISA.<\/p>\n\n\n\n<p>Por los enfermos &#8211; Sufragio de: Fina Garc\u00eda Estevan y Serafina Estevan Ram\u00edrez \u2013 Acci\u00f3n de Gracias a la Virgen de la Paz de una devota \u2013 Acci\u00f3n de Gracias a San Blas Glorioso de una devota.<\/p>\n\n\n\n<p><strong>MI\u00c9RCOLES 20<\/strong><\/p>\n\n\n\n<p>8,30 H CONVENTO<\/p>\n\n\n\n<p>19,30 H TEMPLO SANTO ROSARIO<\/p>\n\n\n\n<p>20 H TEMPLO MISA<\/p>\n\n\n\n<p>Sufragio de: Fina Belenguer y Padres \u2013 Francisco L\u00f3pez Aparicio \u2013 Maria Moreno Aparicio \u2013 Ram\u00f3n, Joaqu\u00edn e hijos.<\/p>\n\n\n\n<p><strong>JUEVES 21<\/strong><\/p>\n\n\n\n<p>8,30 H CONVENTO<\/p>\n\n\n\n<p>19,30 H TEMPLO SANTO ROSARIO<\/p>\n\n\n\n<p>20 H TEMPLO MISA<\/p>\n\n\n\n<p>Sufragio de: Gloria y Difuntos de Paz Garc\u00eda.<\/p>\n\n\n\n<p><strong>VIERNES <\/strong><strong>22<\/strong><\/p>\n\n\n\n<p>8,30 H CONVENTO<\/p>\n\n\n\n<p>19,30 H TEMPLO SANTO ROSARIO<\/p>\n\n\n\n<p>20 H TEMPLO MISA<\/p>\n\n\n\n<p>Sufragio de Josefina Monta\u00f1ana Alos.<\/p>\n\n\n\n<p><strong>S\u00c1BADO 23<\/strong><\/p>\n\n\n\n<p>8,30 H CONVENTO<\/p>\n\n\n\n<p>19,45 TEMPLO SANTO ROSARIO<\/p>\n\n\n\n<p>20 H TEMPLO MISA<\/p>\n\n\n\n<p>Sufragio de: Vicente Adri\u00e1n Devesa y Jose Estevan Balaguer \u2013 Familia Ponce Cervera y Mart\u00ednez Collado \u2013 Antonio Peris y Carmen P\u00e9rez \u2013 Paco y Paz \u2013 Pablo Rochina y Padres Angel y Severina \u2013 Carmen P\u00e9rez \u2013 Contantin Titiluic \u2013 Pascual Balaguer \u2013 Rafael Arc\u00f3n &#8211; A la Virgen de la Paz por los difuntos.<\/p>\n\n\n\n<p><strong>DOMINGO 24<\/strong><\/p>\n\n\n\n<p>9 H. CONVENTO.<\/p>\n\n\n\n<p>10,30 H TEMPLO MISA<\/p>\n","protected":false},"excerpt":{"rendered":"<p>LUNES 18 8,30 H CONVENTO 19,00 H. CELEBRACI\u00d3N EN MENORIA de CONSTANTIN TITILIUC. 19,30 H TEMPLO SANTO ROSARIO 20.00 H TEMPLO MISA. ANIVERSARIO FUNERAL DE FINA ARC\u00d3N L\u00d3PEZ. MARTES 19 8,30 H CONVENTO 19,30 H TEMPLO SANTO ROSARIO. 20.00 H TEMPLO MISA. Por los enfermos &#8211; Sufragio de: Fina Garc\u00eda Estevan y Serafina Estevan Ram\u00edrez \u2013 Acci\u00f3n de Gracias a&#8230;<\/p>\n<p> <a class=\"continue-reading-link\" href=\"https:\/\/iglesia-en-villar.es\/blog\/2022\/07\/16\/intenciones-de-misa-114\/\"><span>Leer m\u00e1s<\/span><i class=\"crycon-right-dir\"><\/i><\/a> <\/p>\n","protected":false},"author":53745,"featured_media":0,"comment_status":"open","ping_status":"open","sticky":false,"template":"","format":"standard","meta":{"inline_featured_image":false,"footnotes":""},"categories":[3],"tags":[],"class_list":["post-9110","post","type-post","status-publish","format-standard","hentry","category-intenciones"],"better_featured_image":null,"read":true,"_links":{"self":[{"href":"https:\/\/iglesia-en-villar.es\/blog\/wp-json\/wp\/v2\/posts\/9110","targetHints":{"allow":["GET"]}}],"collection":[{"href":"https:\/\/iglesia-en-villar.es\/blog\/wp-json\/wp\/v2\/posts"}],"about":[{"href":"https:\/\/iglesia-en-villar.es\/blog\/wp-json\/wp\/v2\/types\/post"}],"author":[{"embeddable":true,"href":"https:\/\/iglesia-en-villar.es\/blog\/wp-json\/wp\/v2\/users\/53745"}],"replies":[{"embeddable":true,"href":"https:\/\/iglesia-en-villar.es\/blog\/wp-json\/wp\/v2\/comments?post=9110"}],"version-history":[{"count":1,"href":"https:\/\/iglesia-en-villar.es\/blog\/wp-json\/wp\/v2\/posts\/9110\/revisions"}],"predecessor-version":[{"id":9111,"href":"https:\/\/iglesia-en-villar.es\/blog\/wp-json\/wp\/v2\/posts\/9110\/revisions\/9111"}],"wp:attachment":[{"href":"https:\/\/iglesia-en-villar.es\/blog\/wp-json\/wp\/v2\/media?parent=9110"}],"wp:term":[{"taxonomy":"category","embeddable":true,"href":"https:\/\/iglesia-en-villar.es\/blog\/wp-json\/wp\/v2\/categories?post=9110"},{"taxonomy":"post_tag","embeddable":true,"href":"https:\/\/iglesia-en-villar.es\/blog\/wp-json\/wp\/v2\/tags?post=9110"}],"curies":[{"name":"wp","href":"https:\/\/api.w.org\/{rel}","templated":true}]}}