{"id":9261,"date":"2022-10-05T16:19:34","date_gmt":"2022-10-05T15:19:34","guid":{"rendered":"https:\/\/iglesia-en-villar.es\/blog\/?p=9261"},"modified":"2022-10-05T16:19:36","modified_gmt":"2022-10-05T15:19:36","slug":"rincon-carmelitano-143","status":"publish","type":"post","link":"https:\/\/iglesia-en-villar.es\/blog\/2022\/10\/05\/rincon-carmelitano-143\/","title":{"rendered":"Rinc\u00f3n Carmelitano"},"content":{"rendered":"\n<p class=\"has-text-align-center\"><strong>TERESA DE LISIEUX ORA CON&#8230; UNA ORACI\u00d3N ECLESIAL&#8230;<\/strong><\/p>\n\n\n\n<p>\u00bfQui\u00e9n durar\u00e1 de que la oraci\u00f3n de la patrona de las misiones haya sido eclesial? Ciertamente, la oraci\u00f3n de Teresita, como toda su vida, fue apost\u00f3lica. Es m\u00e1s, el ansia por salvar a los hombres la consumi\u00f3 literalmente.<\/p>\n\n\n\n<p>Teresita conversa sencilla y espont\u00e1neamente con Dios en su oraci\u00f3n, como un ni\u00f1o conversar\u00eda con su padre. Pero esa intimidad nada tiene de individualista. Teresa va a Jes\u00fas en la oraci\u00f3n; pero nunca va sola: de una manera o de otra, va a hablarle de los dem\u00e1s, va a pedirle por todos sus hermanos. Su oraci\u00f3n es misionera y eclesial. \u00ab\u00a1Oh, Jes\u00fas m\u00edo! Te amo, amo a mi madre la Iglesia\u00bb Y amar, para Teresa, significa infundir vida a otros seres, al mayor n\u00famero posible.<\/p>\n\n\n\n<p>Crece hasta l\u00edmites insospechados: mientras haya un alma que salvar, Teresita no encontrara descanso. \u00abVolver\u00e9\u00bb \u00abPasar\u00e9 mi cielo en la tierra hasta el fin del mundo&#8230; No quiero descansar mientras haya un alma que salvar\u00bb<\/p>\n\n\n\n<p>Ya a los 14 a\u00f1os, me sent\u00eda devorada por la sed de las almas&#8230;, la de grandes pecadores\u00bb Precisamente a esa edad tendr\u00e1 lugar su oraci\u00f3n su apasionada por lograr la conversi\u00f3n de Pranzini (\u00abmi primer hijo\u00bb) un criminal condenado a muerte que rechazaba toda ayuda espiritual. \u00abPara conseguirlo, emple\u00e9 todos los medios imaginables\u00bb<\/p>\n\n\n\n<p>Almas de pecadores, almas de sacerdotes, almas de vidas consagradas a Dios como ella, almas que en tierra de misi\u00f3n a\u00fan no conocen a Cristo, almas de sus contempor\u00e1neos y de gentes que nacer\u00e1n despu\u00e9s&#8230;Todas est\u00e1n incluidas en la oraci\u00f3n y el amor de Teresa. Verdaderamente, es la hermana universal. Teresa no se pertenece a s\u00ed misma: pertenece a Cristo, a la Iglesia, al mundo entero. \u00abSe\u00f1or, Vos la sab\u00e9is: yo no tengo m\u00e1s tesoros que las almas que os ha complacido unir a la m\u00eda\u00bb.<\/p>\n\n\n\n<p>El ardor contempativo y el anhelo de salva a los hombres para Dios son dos pilares caracter\u00edsticos de la espiritualidad del Carmelo, dos expresiones inseparables del amor de un y de una carmelita. Y Teresita de Lisieux fue, de verdad, carmelita hasta los tu\u00e9tanos.<\/p>\n","protected":false},"excerpt":{"rendered":"<p>TERESA DE LISIEUX ORA CON&#8230; UNA ORACI\u00d3N ECLESIAL&#8230; \u00bfQui\u00e9n durar\u00e1 de que la oraci\u00f3n de la patrona de las misiones haya sido eclesial? Ciertamente, la oraci\u00f3n de Teresita, como toda su vida, fue apost\u00f3lica. Es m\u00e1s, el ansia por salvar a los hombres la consumi\u00f3 literalmente. Teresita conversa sencilla y espont\u00e1neamente con Dios en su oraci\u00f3n, como un ni\u00f1o conversar\u00eda&#8230;<\/p>\n<p> <a class=\"continue-reading-link\" href=\"https:\/\/iglesia-en-villar.es\/blog\/2022\/10\/05\/rincon-carmelitano-143\/\"><span>Leer m\u00e1s<\/span><i class=\"crycon-right-dir\"><\/i><\/a> <\/p>\n","protected":false},"author":53745,"featured_media":9255,"comment_status":"open","ping_status":"open","sticky":false,"template":"","format":"standard","meta":{"inline_featured_image":false,"footnotes":""},"categories":[5],"tags":[],"class_list":["post-9261","post","type-post","status-publish","format-standard","has-post-thumbnail","hentry","category-monasterio"],"better_featured_image":{"id":9255,"alt_text":"","caption":"","description":"","media_type":"image","media_details":{"width":206,"height":208,"file":"2022\/09\/santa-teresita.png","filesize":76465,"sizes":{"thumbnail":{"file":"santa-teresita-150x150.png","width":150,"height":150,"mime-type":"image\/png","filesize":44528,"source_url":"https:\/\/iglesia-en-villar.es\/blog\/wp-content\/uploads\/2022\/09\/santa-teresita-150x150.png"},"post-thumbnail":{"file":"santa-teresita-150x150.png","width":150,"height":150,"mime-type":"image\/png","filesize":44450,"source_url":"https:\/\/iglesia-en-villar.es\/blog\/wp-content\/uploads\/2022\/09\/santa-teresita-150x150.png"}},"image_meta":{"aperture":"0","credit":"","camera":"","caption":"","created_timestamp":"0","copyright":"","focal_length":"0","iso":"0","shutter_speed":"0","title":"","orientation":"0","keywords":[]}},"post":null,"source_url":"https:\/\/iglesia-en-villar.es\/blog\/wp-content\/uploads\/2022\/09\/santa-teresita.png"},"read":true,"_links":{"self":[{"href":"https:\/\/iglesia-en-villar.es\/blog\/wp-json\/wp\/v2\/posts\/9261","targetHints":{"allow":["GET"]}}],"collection":[{"href":"https:\/\/iglesia-en-villar.es\/blog\/wp-json\/wp\/v2\/posts"}],"about":[{"href":"https:\/\/iglesia-en-villar.es\/blog\/wp-json\/wp\/v2\/types\/post"}],"author":[{"embeddable":true,"href":"https:\/\/iglesia-en-villar.es\/blog\/wp-json\/wp\/v2\/users\/53745"}],"replies":[{"embeddable":true,"href":"https:\/\/iglesia-en-villar.es\/blog\/wp-json\/wp\/v2\/comments?post=9261"}],"version-history":[{"count":1,"href":"https:\/\/iglesia-en-villar.es\/blog\/wp-json\/wp\/v2\/posts\/9261\/revisions"}],"predecessor-version":[{"id":9262,"href":"https:\/\/iglesia-en-villar.es\/blog\/wp-json\/wp\/v2\/posts\/9261\/revisions\/9262"}],"wp:featuredmedia":[{"embeddable":true,"href":"https:\/\/iglesia-en-villar.es\/blog\/wp-json\/wp\/v2\/media\/9255"}],"wp:attachment":[{"href":"https:\/\/iglesia-en-villar.es\/blog\/wp-json\/wp\/v2\/media?parent=9261"}],"wp:term":[{"taxonomy":"category","embeddable":true,"href":"https:\/\/iglesia-en-villar.es\/blog\/wp-json\/wp\/v2\/categories?post=9261"},{"taxonomy":"post_tag","embeddable":true,"href":"https:\/\/iglesia-en-villar.es\/blog\/wp-json\/wp\/v2\/tags?post=9261"}],"curies":[{"name":"wp","href":"https:\/\/api.w.org\/{rel}","templated":true}]}}