{"id":9263,"date":"2022-10-05T16:21:34","date_gmt":"2022-10-05T15:21:34","guid":{"rendered":"https:\/\/iglesia-en-villar.es\/blog\/?p=9263"},"modified":"2022-10-05T16:21:36","modified_gmt":"2022-10-05T15:21:36","slug":"editorial-135","status":"publish","type":"post","link":"https:\/\/iglesia-en-villar.es\/blog\/2022\/10\/05\/editorial-135\/","title":{"rendered":"Editorial"},"content":{"rendered":"\n<h2 class=\"has-text-align-center wp-block-heading\">\u201cLo que hab\u00e9is recibido gratis, dadlo gratis\u201d Mt. 10, 8<\/h2>\n\n\n\n<p>Este es el lema desde el que viviremos este nuevo curso pastoral que iniciamos este Domingo. La fe es un don, un regalo de Dios, pero tambi\u00e9n un legado de generaciones anteriores, una forma de vida marcada por la presencia de Dios y la confianza en \u00c9l depositada.<\/p>\n\n\n\n<p>Los que caminaron antes que nosotros vivieron un encuentro con el mismo Cristo y con la Iglesia que cambi\u00f3 sus vidas, y su manera de vivir y construir el pueblo y la comunidad cristiana. Lo que ellos vivieron y aprendieron en el camino del Evangelio, su propia experiencia de Dios, nosotros lo recibimos como un tesoro de inestimable valor.<\/p>\n\n\n\n<p>El pasado no es una remora, ni tampoco una expresi\u00f3n nost\u00e1lgica de lo que desear\u00edamos ser y no podemos alcanzar. El camino recorrido y la cr\u00f3nica ya escrita son pasos en los que inspirarse y de los que aprender aunque los retos de nuestro mundo sean distintos.<\/p>\n\n\n\n<p>Por ello, este curso los proyectos est\u00e1n dirigidos a que el pasado nos conduzca hacia el futuro, a afrontar los retos del ma\u00f1ana desde la experiencia del ayer. El Se\u00f1or sigue ofreci\u00e9ndonos su Evangelio como un camino de vida, como una puerta abierta a la vida de santidad a la que estamos llamados desde que el hombre fue creado.<\/p>\n\n\n\n<p>Este es el camino que me gustar\u00eda que recorri\u00e9semos este curso: revivir, recuperar, poner en valor aquello que marc\u00f3 la vida de fe de nuestra comunidad parroquial, de forma que hacer experiencia de Dios nos mueva al apostolado y a la evangelizaci\u00f3n como ellos lo hicieron en el pasado.<\/p>\n\n\n\n<p>Quiz\u00e1s sean gestos ya conocidos, o iniciativas muchas veces llevadas a cabo, pero sin dudarlo, siguen teniendo muchas de ellas un valor evangelizador indudable, ya que son manifestaci\u00f3n de la fe de un pueblo y expresi\u00f3n p\u00fablica de aquello que creemos, haciendo resonar el nombre de Dios en un mundo que intenta acallarlo.<\/p>\n\n\n\n<p>Por ello demos gratis, con la alegr\u00eda de conocer a Cristo, lo que hemos recibido de la misma forma. Valoremos lo aprendido, agradezcamos lo recibido y transmitamos este mismo mensaje de salvaci\u00f3n del que hemos sido constituidos mensajeros. <em>Lo que hab\u00e9is recibido gratis, dadlo gratis.<\/em><\/p>\n\n\n\n<p>Feliz Curso a todos.<\/p>\n\n\n\n<p>Quique, vuestro cura.<\/p>\n","protected":false},"excerpt":{"rendered":"<p>\u201cLo que hab\u00e9is recibido gratis, dadlo gratis\u201d Mt. 10, 8 Este es el lema desde el que viviremos este nuevo curso pastoral que iniciamos este Domingo. La fe es un don, un regalo de Dios, pero tambi\u00e9n un legado de generaciones anteriores, una forma de vida marcada por la presencia de Dios y la confianza en \u00c9l depositada. Los que&#8230;<\/p>\n<p> <a class=\"continue-reading-link\" href=\"https:\/\/iglesia-en-villar.es\/blog\/2022\/10\/05\/editorial-135\/\"><span>Leer m\u00e1s<\/span><i class=\"crycon-right-dir\"><\/i><\/a> <\/p>\n","protected":false},"author":53745,"featured_media":9267,"comment_status":"open","ping_status":"open","sticky":false,"template":"","format":"standard","meta":{"inline_featured_image":false,"footnotes":""},"categories":[13],"tags":[],"class_list":["post-9263","post","type-post","status-publish","format-standard","has-post-thumbnail","hentry","category-editorial"],"better_featured_image":{"id":9267,"alt_text":"","caption":"","description":"","media_type":"image","media_details":{"width":1075,"height":741,"file":"2022\/10\/jornada_enfermos1.jpg","filesize":269078,"sizes":{"medium":{"file":"jornada_enfermos1-300x207.jpg","width":300,"height":207,"mime-type":"image\/jpeg","filesize":55568,"source_url":"https:\/\/iglesia-en-villar.es\/blog\/wp-content\/uploads\/2022\/10\/jornada_enfermos1-300x207.jpg"},"large":{"file":"jornada_enfermos1-1024x706.jpg","width":1024,"height":706,"mime-type":"image\/jpeg","filesize":114017,"source_url":"https:\/\/iglesia-en-villar.es\/blog\/wp-content\/uploads\/2022\/10\/jornada_enfermos1-1024x706.jpg"},"thumbnail":{"file":"jornada_enfermos1-150x150.jpg","width":150,"height":150,"mime-type":"image\/jpeg","filesize":49128,"source_url":"https:\/\/iglesia-en-villar.es\/blog\/wp-content\/uploads\/2022\/10\/jornada_enfermos1-150x150.jpg"},"medium_large":{"file":"jornada_enfermos1-768x529.jpg","width":768,"height":529,"mime-type":"image\/jpeg","filesize":92055,"source_url":"https:\/\/iglesia-en-villar.es\/blog\/wp-content\/uploads\/2022\/10\/jornada_enfermos1-768x529.jpg"},"post-thumbnail":{"file":"jornada_enfermos1-150x103.jpg","width":150,"height":103,"mime-type":"image\/jpeg","filesize":46306,"source_url":"https:\/\/iglesia-en-villar.es\/blog\/wp-content\/uploads\/2022\/10\/jornada_enfermos1-150x103.jpg"},"header":{"file":"jornada_enfermos1-1075x230.jpg","width":1075,"height":230,"mime-type":"image\/jpeg","filesize":81220,"source_url":"https:\/\/iglesia-en-villar.es\/blog\/wp-content\/uploads\/2022\/10\/jornada_enfermos1-1075x230.jpg"},"slider":{"file":"jornada_enfermos1-1075x580.jpg","width":1075,"height":580,"mime-type":"image\/jpeg","filesize":120066,"source_url":"https:\/\/iglesia-en-villar.es\/blog\/wp-content\/uploads\/2022\/10\/jornada_enfermos1-1075x580.jpg"},"columns":{"file":"jornada_enfermos1-330x300.jpg","width":330,"height":300,"mime-type":"image\/jpeg","filesize":63009,"source_url":"https:\/\/iglesia-en-villar.es\/blog\/wp-content\/uploads\/2022\/10\/jornada_enfermos1-330x300.jpg"},"custom":{"file":"jornada_enfermos1-250x172.jpg","width":250,"height":172,"mime-type":"image\/jpeg","filesize":52356,"source_url":"https:\/\/iglesia-en-villar.es\/blog\/wp-content\/uploads\/2022\/10\/jornada_enfermos1-250x172.jpg"}},"image_meta":{"aperture":"0","credit":"","camera":"","caption":"","created_timestamp":"1665053286","copyright":"","focal_length":"0","iso":"0","shutter_speed":"0","title":"","orientation":"1","keywords":[]}},"post":null,"source_url":"https:\/\/iglesia-en-villar.es\/blog\/wp-content\/uploads\/2022\/10\/jornada_enfermos1.jpg"},"read":true,"_links":{"self":[{"href":"https:\/\/iglesia-en-villar.es\/blog\/wp-json\/wp\/v2\/posts\/9263","targetHints":{"allow":["GET"]}}],"collection":[{"href":"https:\/\/iglesia-en-villar.es\/blog\/wp-json\/wp\/v2\/posts"}],"about":[{"href":"https:\/\/iglesia-en-villar.es\/blog\/wp-json\/wp\/v2\/types\/post"}],"author":[{"embeddable":true,"href":"https:\/\/iglesia-en-villar.es\/blog\/wp-json\/wp\/v2\/users\/53745"}],"replies":[{"embeddable":true,"href":"https:\/\/iglesia-en-villar.es\/blog\/wp-json\/wp\/v2\/comments?post=9263"}],"version-history":[{"count":1,"href":"https:\/\/iglesia-en-villar.es\/blog\/wp-json\/wp\/v2\/posts\/9263\/revisions"}],"predecessor-version":[{"id":9264,"href":"https:\/\/iglesia-en-villar.es\/blog\/wp-json\/wp\/v2\/posts\/9263\/revisions\/9264"}],"wp:featuredmedia":[{"embeddable":true,"href":"https:\/\/iglesia-en-villar.es\/blog\/wp-json\/wp\/v2\/media\/9267"}],"wp:attachment":[{"href":"https:\/\/iglesia-en-villar.es\/blog\/wp-json\/wp\/v2\/media?parent=9263"}],"wp:term":[{"taxonomy":"category","embeddable":true,"href":"https:\/\/iglesia-en-villar.es\/blog\/wp-json\/wp\/v2\/categories?post=9263"},{"taxonomy":"post_tag","embeddable":true,"href":"https:\/\/iglesia-en-villar.es\/blog\/wp-json\/wp\/v2\/tags?post=9263"}],"curies":[{"name":"wp","href":"https:\/\/api.w.org\/{rel}","templated":true}]}}