{"id":9299,"date":"2022-10-21T11:45:20","date_gmt":"2022-10-21T10:45:20","guid":{"rendered":"https:\/\/iglesia-en-villar.es\/blog\/?p=9299"},"modified":"2022-10-21T11:47:58","modified_gmt":"2022-10-21T10:47:58","slug":"rincon-carmelitano-146","status":"publish","type":"post","link":"https:\/\/iglesia-en-villar.es\/blog\/2022\/10\/21\/rincon-carmelitano-146\/","title":{"rendered":"Rinc\u00f3n Carmelitano"},"content":{"rendered":"\n<p class=\"has-text-align-center\"><strong>SANTA TERESITA DEL NI\u00d1O JES\u00daS, PATRONA DE LAS MISIONES, HOY NOS COMPARTE DE SUS ESCRITOS CON SUS DOS HERMANOS MISIONEROS:<\/strong><\/p>\n\n\n\n<p>Al P. Roulland \u00bb Me siento muy indigna de estar especialmente asociada a uno de los misioneros de nuestro adorable Jes\u00fas, pero puesto que la obediencia me conf\u00eda esta dulce tarea, estoy segura de que mi celestial Esposo suplir\u00e1 mis pocos m\u00e9ritos (sobre los que no me apoyo en manera alguna), y escuchar\u00e9 los deseos de mi alma fecundando vuestro apostolado. Me sentir\u00e9 verdaderamente dichosa trabajando con vos en la salvaci\u00f3n de las almas, para eso me hice carmelita: no pudiendo ser misionera por la acci\u00f3n, quise serlo por el amor y por la penitencia, como Santa Tersa de Jes\u00fas mi ser\u00e1fica madre\u00bb<\/p>\n\n\n\n<p>Desde hace mucho tiempo deseaba conocer a un ap\u00f3stol que se dignase pronunciar mi nombre en el altar santo el d\u00eda de su primera misa&#8230;Deseaba prepararle yo misma los lienzos sagrados, y la blanca hostia destinada a ocultar al Rey del cielo&#8230; Este Dios de bondad ha querido realizar mi sue\u00f1o y mostrarme una vez m\u00e1s cuanto se complace en colmar los deseos de las almas que aman solo a \u00e9l.<\/p>\n\n\n\n<p>Cuando el oc\u00e9ano os separe de Francia, os acordar\u00e9is, al mirar la palia que tan gustosamente he pintado, de que en la monta\u00f1a del Carmelo un alma ruega sin cesar al divino Prisionero del amor por el \u00e9xito de vuestra gloriosa conquista.<\/p>\n\n\n\n<p>Cuando nuestra Madre me propuso que fuese vuestra auxilia, os confieso, hermano m\u00edo, que vacil\u00e9. Considerando las virtudes de las santas carmelitas que me rodean, me pareci\u00f3 que nuestra Madre habr\u00eda servido mejor a cualquiera otra hermana, y no a m\u00ed. Solo el pensamiento de que Jes\u00fas no mirar\u00eda mis obras imperfectas, sino \u00fanicamente mi buena voluntad, me hizo aceptar el honor de compartir vuestros trabajos apost\u00f3licos. Cuento con no estar inactiva en el cielo. Mi deseo es el seguir tar bajando por la Iglesia y por las almas; se lo pido a Dios y estoy segura de que me escuchar\u00e1, \u00bfNo est\u00e1n los \u00e1ngeles ocup\u00e1ndose de nosotros, sin cesar nunca de contemplar el rostro divino, de abismarse en el oc\u00e9ano sin orillas del Amor? \u00bfPor qu\u00e9 no ha de permitirme Jes\u00fas de imitarle?\u00bb<\/p>\n\n\n\n<p>Recemos sin cesar por todos los misioneros, que el Se\u00f1or les fortalezca y ayude en su tarea evangelizadora, y que siga llamando a muchos para que el Evangelio llegue a todos los rincones del mundo, que todos puedan experimentar el Amor que Dios nos tiene.<\/p>\n","protected":false},"excerpt":{"rendered":"<p>SANTA TERESITA DEL NI\u00d1O JES\u00daS, PATRONA DE LAS MISIONES, HOY NOS COMPARTE DE SUS ESCRITOS CON SUS DOS HERMANOS MISIONEROS: Al P. Roulland \u00bb Me siento muy indigna de estar especialmente asociada a uno de los misioneros de nuestro adorable Jes\u00fas, pero puesto que la obediencia me conf\u00eda esta dulce tarea, estoy segura de que mi celestial Esposo suplir\u00e1 mis&#8230;<\/p>\n<p> <a class=\"continue-reading-link\" href=\"https:\/\/iglesia-en-villar.es\/blog\/2022\/10\/21\/rincon-carmelitano-146\/\"><span>Leer m\u00e1s<\/span><i class=\"crycon-right-dir\"><\/i><\/a> <\/p>\n","protected":false},"author":53745,"featured_media":9305,"comment_status":"open","ping_status":"open","sticky":false,"template":"","format":"standard","meta":{"inline_featured_image":false,"footnotes":""},"categories":[5],"tags":[],"class_list":["post-9299","post","type-post","status-publish","format-standard","has-post-thumbnail","hentry","category-monasterio"],"better_featured_image":{"id":9305,"alt_text":"","caption":"","description":"","media_type":"image","media_details":{"width":206,"height":208,"file":"2022\/10\/rincom.png","filesize":48029,"sizes":{"thumbnail":{"file":"rincom-150x150.png","width":150,"height":150,"mime-type":"image\/png","filesize":28104,"source_url":"https:\/\/iglesia-en-villar.es\/blog\/wp-content\/uploads\/2022\/10\/rincom-150x150.png"},"post-thumbnail":{"file":"rincom-150x150.png","width":150,"height":150,"mime-type":"image\/png","filesize":28136,"source_url":"https:\/\/iglesia-en-villar.es\/blog\/wp-content\/uploads\/2022\/10\/rincom-150x150.png"}},"image_meta":{"aperture":"0","credit":"","camera":"","caption":"","created_timestamp":"0","copyright":"","focal_length":"0","iso":"0","shutter_speed":"0","title":"","orientation":"0","keywords":[]}},"post":null,"source_url":"https:\/\/iglesia-en-villar.es\/blog\/wp-content\/uploads\/2022\/10\/rincom.png"},"read":true,"_links":{"self":[{"href":"https:\/\/iglesia-en-villar.es\/blog\/wp-json\/wp\/v2\/posts\/9299","targetHints":{"allow":["GET"]}}],"collection":[{"href":"https:\/\/iglesia-en-villar.es\/blog\/wp-json\/wp\/v2\/posts"}],"about":[{"href":"https:\/\/iglesia-en-villar.es\/blog\/wp-json\/wp\/v2\/types\/post"}],"author":[{"embeddable":true,"href":"https:\/\/iglesia-en-villar.es\/blog\/wp-json\/wp\/v2\/users\/53745"}],"replies":[{"embeddable":true,"href":"https:\/\/iglesia-en-villar.es\/blog\/wp-json\/wp\/v2\/comments?post=9299"}],"version-history":[{"count":2,"href":"https:\/\/iglesia-en-villar.es\/blog\/wp-json\/wp\/v2\/posts\/9299\/revisions"}],"predecessor-version":[{"id":9302,"href":"https:\/\/iglesia-en-villar.es\/blog\/wp-json\/wp\/v2\/posts\/9299\/revisions\/9302"}],"wp:featuredmedia":[{"embeddable":true,"href":"https:\/\/iglesia-en-villar.es\/blog\/wp-json\/wp\/v2\/media\/9305"}],"wp:attachment":[{"href":"https:\/\/iglesia-en-villar.es\/blog\/wp-json\/wp\/v2\/media?parent=9299"}],"wp:term":[{"taxonomy":"category","embeddable":true,"href":"https:\/\/iglesia-en-villar.es\/blog\/wp-json\/wp\/v2\/categories?post=9299"},{"taxonomy":"post_tag","embeddable":true,"href":"https:\/\/iglesia-en-villar.es\/blog\/wp-json\/wp\/v2\/tags?post=9299"}],"curies":[{"name":"wp","href":"https:\/\/api.w.org\/{rel}","templated":true}]}}