{"id":9326,"date":"2022-11-04T13:31:54","date_gmt":"2022-11-04T12:31:54","guid":{"rendered":"https:\/\/iglesia-en-villar.es\/blog\/?p=9326"},"modified":"2022-11-04T13:31:56","modified_gmt":"2022-11-04T12:31:56","slug":"rincon-carmelitano-148","status":"publish","type":"post","link":"https:\/\/iglesia-en-villar.es\/blog\/2022\/11\/04\/rincon-carmelitano-148\/","title":{"rendered":"Rinc\u00f3n Carmelitano"},"content":{"rendered":"\n<p class=\"has-text-align-center\"><strong>SANTA ISABEL DE LA TRINIDAD<\/strong><\/p>\n\n\n\n<p>El d\u00eda 8 es la fiesta de Santa Isabel de la Trinidad, m\u00e1s conocida como Sor Isabel de la Trinidad, carmelita francesa que falleci\u00f3 a los 26 a\u00f1os, una apasionada y enamora de jes\u00fas, de su vocaci\u00f3n como carmelita.<\/p>\n\n\n\n<p>Dec\u00eda Ese Jes\u00fas me fascina\u00bb \u00abpermanecer\u00bb: Eso es lo que hace Isabel recia, de coraz\u00f3n tierno y fiel. por eso puede explicarle a una amiga : La vida de una carmelita consiste en vivir unida a Dios de la ma\u00f1ana a la noche y de la noche a la ma\u00f1ana. Si \u00c9l no llenase nuestras celdas y nuestros claustros, \u00a1qu\u00e9 vac\u00edos estar\u00edan&#8230;! Pero nosotras lo descubrimos en todas las cosas, pues le llevamos dentro, y nuestra vida es un cielo anticipado. Le pido a Dios que te ense\u00f1e todos estos secretos.<\/p>\n\n\n\n<p>Espont\u00e1nea y comunicativa como ha sido siempre, le escribe a su madre: \u00bfNo te paree que un coraz\u00f3n seducido por Cristo tiene que entregarse hasta el final&#8230;?\u00a1Es tan hermoso mi prometido! Yo le amo apasionadamente, y am\u00e1ndolo me transforma en \u00c9l.<\/p>\n\n\n\n<p>\u00abEsposa de Cristo\u00bb es un texto como s\u00f3lo Isabel puede escribirlo: Ser esposa es tener todos los derechos sobre su coraz\u00f3n. Es vivir intimamente unidos durante toda una vida. Es vivir \u00abcon\u00bb&#8230; y siempre \u00abcon\u00bb Ser esposa es tener los ojos, el pensamiento fijo en \u00c9l, el coraz\u00f3n totalmente cautivo, totalmente invadido, como fuera de s\u00ed mismo y trasladado en \u00c9l, el alma llena de su alma, llena de su oraci\u00f3n, y todo el ser cautivo y entregado&#8230; es tener clavada la mirada, para sorprender la menor se\u00f1al y el m\u00ednimo deseo; es penetrar en todas sus alegr\u00edas y compartir todas sus tristezas&#8230;<\/p>\n\n\n\n<p>La meditaci\u00f3n sobre su vocaci\u00f3n de esposa de Crsito no puede, pues ejar de lado esa vida \u00edntima del Verbo en su interios, que la trasforma y la conduce al Padre por el soplo del Esp\u00ecritu. Ser tomada por esposa, por esposa mistica, es haber cutivado el tal forma su Ceorz\u00f3n, que el Verbo, olvidando la distancia, se errame en elalma como en el seno del Padre y con el mismo<\/p>\n\n\n\n<p>extasis de in finito amos&#8230;El Padre, el Verbo y el Esp\u00edritu inundando el alma, deific\u00e1ndola y consum\u00e1ndola en unidad por el amor\u00bb<\/p>\n\n\n\n<p>Sor Isabel nos quiere llevar a enamorando de verdad de Cristo de donde nos vine toda felicidad, participando de toda su vida nos lleva a la santidad.<\/p>\n","protected":false},"excerpt":{"rendered":"<p>SANTA ISABEL DE LA TRINIDAD El d\u00eda 8 es la fiesta de Santa Isabel de la Trinidad, m\u00e1s conocida como Sor Isabel de la Trinidad, carmelita francesa que falleci\u00f3 a los 26 a\u00f1os, una apasionada y enamora de jes\u00fas, de su vocaci\u00f3n como carmelita. Dec\u00eda Ese Jes\u00fas me fascina\u00bb \u00abpermanecer\u00bb: Eso es lo que hace Isabel recia, de coraz\u00f3n tierno&#8230;<\/p>\n<p> <a class=\"continue-reading-link\" href=\"https:\/\/iglesia-en-villar.es\/blog\/2022\/11\/04\/rincon-carmelitano-148\/\"><span>Leer m\u00e1s<\/span><i class=\"crycon-right-dir\"><\/i><\/a> <\/p>\n","protected":false},"author":53745,"featured_media":9331,"comment_status":"open","ping_status":"open","sticky":false,"template":"","format":"standard","meta":{"inline_featured_image":false,"footnotes":""},"categories":[5],"tags":[],"class_list":["post-9326","post","type-post","status-publish","format-standard","has-post-thumbnail","hentry","category-monasterio"],"better_featured_image":{"id":9331,"alt_text":"","caption":"","description":"","media_type":"image","media_details":{"width":200,"height":200,"file":"2022\/11\/2022-RINCON.png","filesize":50420,"sizes":{"thumbnail":{"file":"2022-RINCON-150x150.png","width":150,"height":150,"mime-type":"image\/png","filesize":32402,"source_url":"https:\/\/iglesia-en-villar.es\/blog\/wp-content\/uploads\/2022\/11\/2022-RINCON-150x150.png"},"post-thumbnail":{"file":"2022-RINCON-150x150.png","width":150,"height":150,"mime-type":"image\/png","filesize":32402,"source_url":"https:\/\/iglesia-en-villar.es\/blog\/wp-content\/uploads\/2022\/11\/2022-RINCON-150x150.png"}},"image_meta":{"aperture":"0","credit":"","camera":"","caption":"","created_timestamp":"0","copyright":"","focal_length":"0","iso":"0","shutter_speed":"0","title":"","orientation":"0","keywords":[]}},"post":null,"source_url":"https:\/\/iglesia-en-villar.es\/blog\/wp-content\/uploads\/2022\/11\/2022-RINCON.png"},"read":true,"_links":{"self":[{"href":"https:\/\/iglesia-en-villar.es\/blog\/wp-json\/wp\/v2\/posts\/9326","targetHints":{"allow":["GET"]}}],"collection":[{"href":"https:\/\/iglesia-en-villar.es\/blog\/wp-json\/wp\/v2\/posts"}],"about":[{"href":"https:\/\/iglesia-en-villar.es\/blog\/wp-json\/wp\/v2\/types\/post"}],"author":[{"embeddable":true,"href":"https:\/\/iglesia-en-villar.es\/blog\/wp-json\/wp\/v2\/users\/53745"}],"replies":[{"embeddable":true,"href":"https:\/\/iglesia-en-villar.es\/blog\/wp-json\/wp\/v2\/comments?post=9326"}],"version-history":[{"count":1,"href":"https:\/\/iglesia-en-villar.es\/blog\/wp-json\/wp\/v2\/posts\/9326\/revisions"}],"predecessor-version":[{"id":9327,"href":"https:\/\/iglesia-en-villar.es\/blog\/wp-json\/wp\/v2\/posts\/9326\/revisions\/9327"}],"wp:featuredmedia":[{"embeddable":true,"href":"https:\/\/iglesia-en-villar.es\/blog\/wp-json\/wp\/v2\/media\/9331"}],"wp:attachment":[{"href":"https:\/\/iglesia-en-villar.es\/blog\/wp-json\/wp\/v2\/media?parent=9326"}],"wp:term":[{"taxonomy":"category","embeddable":true,"href":"https:\/\/iglesia-en-villar.es\/blog\/wp-json\/wp\/v2\/categories?post=9326"},{"taxonomy":"post_tag","embeddable":true,"href":"https:\/\/iglesia-en-villar.es\/blog\/wp-json\/wp\/v2\/tags?post=9326"}],"curies":[{"name":"wp","href":"https:\/\/api.w.org\/{rel}","templated":true}]}}