{"id":9328,"date":"2022-11-04T13:33:32","date_gmt":"2022-11-04T12:33:32","guid":{"rendered":"https:\/\/iglesia-en-villar.es\/blog\/?p=9328"},"modified":"2022-11-04T13:33:34","modified_gmt":"2022-11-04T12:33:34","slug":"editorial-140","status":"publish","type":"post","link":"https:\/\/iglesia-en-villar.es\/blog\/2022\/11\/04\/editorial-140\/","title":{"rendered":"Editorial"},"content":{"rendered":"\n<h2 class=\"has-text-align-center wp-block-heading\">Nuevos Caminos<\/h2>\n\n\n\n<p>La vida, en muchos momentos, parece que nos sorprende de forma inesperada con acontecimientos, propuestas y proyectos que se escapan de nuestras previsiones, y que son manifestaci\u00f3n de como la providencia de Dios, a veces incomprensible, es verdaderamente quien gobierna nuestro propio destino.<\/p>\n\n\n\n<p>Cuando los planes se desmoronan, en muchos momentos lo primero que aparece en nuestra vida es la queja. La impotencia se traduce en una expresi\u00f3n de desacuerdo, de lamento por todo aquello pensado, programado y esperado. En un mundo de la previsi\u00f3n, el c\u00e1lculo y los planes preestablecidos, la sorpresa es algo que nos incomoda y nos arrebata la paz. Quiz\u00e1s por ello, el Se\u00f1or es gran especialista en modelar sus proyectos para que podamos descubrirle detr\u00e1s de cada realidad.<\/p>\n\n\n\n<p>Una segunda que aparece en nuestro coraz\u00f3n es la duda. \u00bfViene de Dios aquello que aparece ante nosotros? \u00bfEs el ser humano quien mueve los hilos de nuestra vida, o est\u00e1 Dios detr\u00e1s de su mano? La fe siempre tiene esa apariencia de duda en la que Dios se nos presenta velado. En los dem\u00e1s, en las realidades concretas, en la misma Iglesia y en sus miembros, sale Dios a nuestra presencia, si somos capaces de descubrirle desde los principios de la caridad, el bien y la bondad.<\/p>\n\n\n\n<p>No obstante, la mirada cristiana nos sugiere una forma de comprender las cosas muy distintas. Desde la conciencia de que el camino es Dios quien lo va marcando, solo una expresi\u00f3n debe surgir en nuestro coraz\u00f3n, el agradecimiento. Agradecer lo que el Se\u00f1or nos regala, y comprender que cada paso, cada momento, y cada experiencia son un regalo que acoger, vivir, y agradecer.<\/p>\n\n\n\n<p>Quiz\u00e1s el error del cristiano sea instalarse, quedarse encerrados en la propia comodidad, pensar que en la vida ya lo hemos conocido todo y ya no nos queda nada por aprender. A esto nos tienta el mal esp\u00edritu. Frente a ello, la total disponibilidad, el coraz\u00f3n abierto, las sandalias en los pies y el bast\u00f3n en la mano para seguir los caminos del Se\u00f1or.<\/p>\n\n\n\n<p>Quique, vuestro cura.<\/p>\n","protected":false},"excerpt":{"rendered":"<p>Nuevos Caminos La vida, en muchos momentos, parece que nos sorprende de forma inesperada con acontecimientos, propuestas y proyectos que se escapan de nuestras previsiones, y que son manifestaci\u00f3n de como la providencia de Dios, a veces incomprensible, es verdaderamente quien gobierna nuestro propio destino. Cuando los planes se desmoronan, en muchos momentos lo primero que aparece en nuestra vida&#8230;<\/p>\n<p> <a class=\"continue-reading-link\" href=\"https:\/\/iglesia-en-villar.es\/blog\/2022\/11\/04\/editorial-140\/\"><span>Leer m\u00e1s<\/span><i class=\"crycon-right-dir\"><\/i><\/a> <\/p>\n","protected":false},"author":53745,"featured_media":9332,"comment_status":"open","ping_status":"open","sticky":false,"template":"","format":"standard","meta":{"inline_featured_image":false,"footnotes":""},"categories":[13],"tags":[],"class_list":["post-9328","post","type-post","status-publish","format-standard","has-post-thumbnail","hentry","category-editorial"],"better_featured_image":{"id":9332,"alt_text":"","caption":"","description":"","media_type":"image","media_details":{"width":275,"height":183,"file":"2022\/11\/sandalias.jpeg","filesize":6684,"sizes":{"thumbnail":{"file":"sandalias-150x150.jpeg","width":150,"height":150,"mime-type":"image\/jpeg","filesize":5414,"source_url":"https:\/\/iglesia-en-villar.es\/blog\/wp-content\/uploads\/2022\/11\/sandalias-150x150.jpeg"},"post-thumbnail":{"file":"sandalias-150x100.jpeg","width":150,"height":100,"mime-type":"image\/jpeg","filesize":3878,"source_url":"https:\/\/iglesia-en-villar.es\/blog\/wp-content\/uploads\/2022\/11\/sandalias-150x100.jpeg"},"custom":{"file":"sandalias-250x166.jpeg","width":250,"height":166,"mime-type":"image\/jpeg","filesize":9079,"source_url":"https:\/\/iglesia-en-villar.es\/blog\/wp-content\/uploads\/2022\/11\/sandalias-250x166.jpeg"}},"image_meta":{"aperture":"0","credit":"","camera":"","caption":"","created_timestamp":"0","copyright":"","focal_length":"0","iso":"0","shutter_speed":"0","title":"","orientation":"0","keywords":[]}},"post":null,"source_url":"https:\/\/iglesia-en-villar.es\/blog\/wp-content\/uploads\/2022\/11\/sandalias.jpeg"},"read":true,"_links":{"self":[{"href":"https:\/\/iglesia-en-villar.es\/blog\/wp-json\/wp\/v2\/posts\/9328","targetHints":{"allow":["GET"]}}],"collection":[{"href":"https:\/\/iglesia-en-villar.es\/blog\/wp-json\/wp\/v2\/posts"}],"about":[{"href":"https:\/\/iglesia-en-villar.es\/blog\/wp-json\/wp\/v2\/types\/post"}],"author":[{"embeddable":true,"href":"https:\/\/iglesia-en-villar.es\/blog\/wp-json\/wp\/v2\/users\/53745"}],"replies":[{"embeddable":true,"href":"https:\/\/iglesia-en-villar.es\/blog\/wp-json\/wp\/v2\/comments?post=9328"}],"version-history":[{"count":1,"href":"https:\/\/iglesia-en-villar.es\/blog\/wp-json\/wp\/v2\/posts\/9328\/revisions"}],"predecessor-version":[{"id":9329,"href":"https:\/\/iglesia-en-villar.es\/blog\/wp-json\/wp\/v2\/posts\/9328\/revisions\/9329"}],"wp:featuredmedia":[{"embeddable":true,"href":"https:\/\/iglesia-en-villar.es\/blog\/wp-json\/wp\/v2\/media\/9332"}],"wp:attachment":[{"href":"https:\/\/iglesia-en-villar.es\/blog\/wp-json\/wp\/v2\/media?parent=9328"}],"wp:term":[{"taxonomy":"category","embeddable":true,"href":"https:\/\/iglesia-en-villar.es\/blog\/wp-json\/wp\/v2\/categories?post=9328"},{"taxonomy":"post_tag","embeddable":true,"href":"https:\/\/iglesia-en-villar.es\/blog\/wp-json\/wp\/v2\/tags?post=9328"}],"curies":[{"name":"wp","href":"https:\/\/api.w.org\/{rel}","templated":true}]}}