{"id":9465,"date":"2023-01-13T11:18:37","date_gmt":"2023-01-13T10:18:37","guid":{"rendered":"https:\/\/iglesia-en-villar.es\/blog\/?p=9465"},"modified":"2023-01-13T11:18:37","modified_gmt":"2023-01-13T10:18:37","slug":"editorial-150","status":"publish","type":"post","link":"https:\/\/iglesia-en-villar.es\/blog\/2023\/01\/13\/editorial-150\/","title":{"rendered":"Editorial"},"content":{"rendered":"\n<h2 class=\"has-text-align-center wp-block-heading\"><strong>Vicente, atleta de Cristo<\/strong><\/h2>\n\n\n\n<p>El pr\u00f3ximo domingo d\u00eda 22 de enero, aunque un tanto inadvertido por celebrarse en nuestra comunidad cristiana la novena a la Virgen de la Paz, y en la Iglesia universal la jornada de la Palabra de Dios; la ciudad de Valencia (de cruces hacia dentro) la di\u00f3cesis de Valencia, y algunos pueblos de la regi\u00f3n valenciana, como Guadassuar (un precioso y solariego pueblo de la Ribera del J\u00facar) celebrar\u00e1n a su Santo Patr\u00f3n, el m\u00e1rtir San Vicente.<\/p>\n\n\n\n<p>Este santo, venerado y reconocido por la Iglesia universal, nos invita cada a\u00f1o a volver la mirada a las ra\u00edces de nuestra fe. En el martirio del di\u00e1cono san Vicente est\u00e1 el origen de la fe de la Iglesia de Valencia. Este joven di\u00e1cono, al servicio de San Valero en la ciudad de Huesca, fue sacado de su ciudad durante la persecuci\u00f3n de Diocleciano por ser la voz del obispo Valero entre la incipiente iglesia de esta ciudad aragonesa.<\/p>\n\n\n\n<p>Lejos de su tierra, totalmente desprotegido, y en la Valentia romana, una ciudad donde el cristianismo no hab\u00eda arraigado entre los paganos, Daciano intentar\u00e1 someter a este an\u00f3nimo di\u00e1cono e intentar\u00e1 doblegarle para que renuncie a la fe de Jesucristo. El joven, lejos de las pretensiones del tirano, seguir\u00e1 confesando a Cristo y afirmando que solo el Se\u00f1or Jes\u00fas es el Salvador, el Hijo de Dios a quien honra y adora.<\/p>\n\n\n\n<p>Las palabras del valiente joven encender\u00e1n la ira de la autoridad, que como advertencia y lecci\u00f3n para aquellos que se sientan tentados a profesar esta fe proscrita, someter\u00e1 p\u00fablicamente al condenado a los m\u00e1s horrorosos tormentos. El potro, los garfios, las llamas\u2026 toda violencia y afrenta contra un joven solitario a quien no consiguen hacer renunciar a la fe.<\/p>\n\n\n\n<p>La fidelidad, la perseverancia y el tes\u00f3n de un peque\u00f1o cristiano ante los atropellos del poderoso, provocar\u00e1n el asombro y la admiraci\u00f3n de muchos en esta tierra de la que no es oriundo. Se preguntar\u00e1n qu\u00e9 le sostiene, qu\u00e9 es aquello que cree, qu\u00e9 es tan importante por lo que incluso vale la pena entregar la vida. En aquel sitio donde se intentaba acallar a uno de los nuevos \u201ccristianos\u201d, ahora el nombre de Jesucristo, y la fe y la vida que este proponen van de boca en boca por toda la regi\u00f3n y por toda la ciudad. As\u00ed se hace realidad la tesis: la sangre de los m\u00e1rtires, semilla de nuevos cristianos.<\/p>\n\n\n\n<p>Vicente acabar\u00e1 entregando su vida en un lecho que el torturador provee para restablecerle y continuar la tortura. Daciano, lleno de rabia, echar\u00e1 su cuerpo en un vertedero, e intentar\u00e1 deshacerse de \u00e9l at\u00e1ndole una rueda de molino al cuello y ech\u00e1ndolo en el mar, para evitar que los creyentes veneren sus reliquias. Finalmente, algunos de los pocos cristianos de Valencia, asombrados y agradecidos por su testimonio, dar\u00e1n sepultura a su cuerpo.<\/p>\n\n\n\n<p>Y este joven sin nombre, es ahora \u201cVincentius\u201d, vencedor, Vicente. En \u00c9l ha vencido la fe, ha vencido Cristo; Dios ha vencido en un d\u00e9bil e insignificante joven di\u00e1cono frente al poder, la maldad y el odio del mundo. La victoria de Vicente es la victoria de Dios que parec\u00eda no tener posibilidades ante los poderosos del mundo.<\/p>\n\n\n\n<p>Vicente nos plantea como Iglesia, como comunidad parroquial, como cristianos concretos. Y en nuestra vida \u00bfQui\u00e9n vencer\u00e1? Entre Dios y el mundo anda la respuesta.<\/p>\n\n\n\n<p class=\"has-text-align-right\"><strong>Quique, vuestro p\u00e1rroco.<\/strong><\/p>\n","protected":false},"excerpt":{"rendered":"<p>Vicente, atleta de Cristo El pr\u00f3ximo domingo d\u00eda 22 de enero, aunque un tanto inadvertido por celebrarse en nuestra comunidad cristiana la novena a la Virgen de la Paz, y en la Iglesia universal la jornada de la Palabra de Dios; la ciudad de Valencia (de cruces hacia dentro) la di\u00f3cesis de Valencia, y algunos pueblos de la regi\u00f3n valenciana,&#8230;<\/p>\n<p> <a class=\"continue-reading-link\" href=\"https:\/\/iglesia-en-villar.es\/blog\/2023\/01\/13\/editorial-150\/\"><span>Leer m\u00e1s<\/span><i class=\"crycon-right-dir\"><\/i><\/a> <\/p>\n","protected":false},"author":53745,"featured_media":9470,"comment_status":"open","ping_status":"open","sticky":false,"template":"","format":"standard","meta":{"inline_featured_image":false,"footnotes":""},"categories":[13],"tags":[],"class_list":["post-9465","post","type-post","status-publish","format-standard","has-post-thumbnail","hentry","category-editorial"],"better_featured_image":{"id":9470,"alt_text":"","caption":"","description":"","media_type":"image","media_details":{"width":1488,"height":1984,"file":"2023\/01\/WhatsApp-Image-2023-01-13-at-01.28.55.jpeg","filesize":362337,"sizes":{"medium":{"file":"WhatsApp-Image-2023-01-13-at-01.28.55-225x300.jpeg","width":225,"height":300,"mime-type":"image\/jpeg","filesize":15463,"source_url":"https:\/\/iglesia-en-villar.es\/blog\/wp-content\/uploads\/2023\/01\/WhatsApp-Image-2023-01-13-at-01.28.55-225x300.jpeg"},"large":{"file":"WhatsApp-Image-2023-01-13-at-01.28.55-768x1024.jpeg","width":768,"height":1024,"mime-type":"image\/jpeg","filesize":132655,"source_url":"https:\/\/iglesia-en-villar.es\/blog\/wp-content\/uploads\/2023\/01\/WhatsApp-Image-2023-01-13-at-01.28.55-768x1024.jpeg"},"thumbnail":{"file":"WhatsApp-Image-2023-01-13-at-01.28.55-150x150.jpeg","width":150,"height":150,"mime-type":"image\/jpeg","filesize":6221,"source_url":"https:\/\/iglesia-en-villar.es\/blog\/wp-content\/uploads\/2023\/01\/WhatsApp-Image-2023-01-13-at-01.28.55-150x150.jpeg"},"medium_large":{"file":"WhatsApp-Image-2023-01-13-at-01.28.55-768x1024.jpeg","width":768,"height":1024,"mime-type":"image\/jpeg","filesize":132655,"source_url":"https:\/\/iglesia-en-villar.es\/blog\/wp-content\/uploads\/2023\/01\/WhatsApp-Image-2023-01-13-at-01.28.55-768x1024.jpeg"},"1536x1536":{"file":"WhatsApp-Image-2023-01-13-at-01.28.55-1152x1536.jpeg","width":1152,"height":1536,"mime-type":"image\/jpeg","filesize":267344,"source_url":"https:\/\/iglesia-en-villar.es\/blog\/wp-content\/uploads\/2023\/01\/WhatsApp-Image-2023-01-13-at-01.28.55-1152x1536.jpeg"},"post-thumbnail":{"file":"WhatsApp-Image-2023-01-13-at-01.28.55-113x150.jpeg","width":113,"height":150,"mime-type":"image\/jpeg","filesize":4780,"source_url":"https:\/\/iglesia-en-villar.es\/blog\/wp-content\/uploads\/2023\/01\/WhatsApp-Image-2023-01-13-at-01.28.55-113x150.jpeg"},"header":{"file":"WhatsApp-Image-2023-01-13-at-01.28.55-1320x230.jpeg","width":1320,"height":230,"mime-type":"image\/jpeg","filesize":52156,"source_url":"https:\/\/iglesia-en-villar.es\/blog\/wp-content\/uploads\/2023\/01\/WhatsApp-Image-2023-01-13-at-01.28.55-1320x230.jpeg"},"slider":{"file":"WhatsApp-Image-2023-01-13-at-01.28.55-1488x580.jpeg","width":1488,"height":580,"mime-type":"image\/jpeg","filesize":143021,"source_url":"https:\/\/iglesia-en-villar.es\/blog\/wp-content\/uploads\/2023\/01\/WhatsApp-Image-2023-01-13-at-01.28.55-1488x580.jpeg"},"columns":{"file":"WhatsApp-Image-2023-01-13-at-01.28.55-330x300.jpeg","width":330,"height":300,"mime-type":"image\/jpeg","filesize":22352,"source_url":"https:\/\/iglesia-en-villar.es\/blog\/wp-content\/uploads\/2023\/01\/WhatsApp-Image-2023-01-13-at-01.28.55-330x300.jpeg"},"custom":{"file":"WhatsApp-Image-2023-01-13-at-01.28.55-250x333.jpeg","width":250,"height":333,"mime-type":"image\/jpeg","filesize":18535,"source_url":"https:\/\/iglesia-en-villar.es\/blog\/wp-content\/uploads\/2023\/01\/WhatsApp-Image-2023-01-13-at-01.28.55-250x333.jpeg"}},"image_meta":{"aperture":"0","credit":"","camera":"","caption":"","created_timestamp":"0","copyright":"","focal_length":"0","iso":"0","shutter_speed":"0","title":"","orientation":"0","keywords":[]}},"post":null,"source_url":"https:\/\/iglesia-en-villar.es\/blog\/wp-content\/uploads\/2023\/01\/WhatsApp-Image-2023-01-13-at-01.28.55.jpeg"},"read":true,"_links":{"self":[{"href":"https:\/\/iglesia-en-villar.es\/blog\/wp-json\/wp\/v2\/posts\/9465","targetHints":{"allow":["GET"]}}],"collection":[{"href":"https:\/\/iglesia-en-villar.es\/blog\/wp-json\/wp\/v2\/posts"}],"about":[{"href":"https:\/\/iglesia-en-villar.es\/blog\/wp-json\/wp\/v2\/types\/post"}],"author":[{"embeddable":true,"href":"https:\/\/iglesia-en-villar.es\/blog\/wp-json\/wp\/v2\/users\/53745"}],"replies":[{"embeddable":true,"href":"https:\/\/iglesia-en-villar.es\/blog\/wp-json\/wp\/v2\/comments?post=9465"}],"version-history":[{"count":1,"href":"https:\/\/iglesia-en-villar.es\/blog\/wp-json\/wp\/v2\/posts\/9465\/revisions"}],"predecessor-version":[{"id":9466,"href":"https:\/\/iglesia-en-villar.es\/blog\/wp-json\/wp\/v2\/posts\/9465\/revisions\/9466"}],"wp:featuredmedia":[{"embeddable":true,"href":"https:\/\/iglesia-en-villar.es\/blog\/wp-json\/wp\/v2\/media\/9470"}],"wp:attachment":[{"href":"https:\/\/iglesia-en-villar.es\/blog\/wp-json\/wp\/v2\/media?parent=9465"}],"wp:term":[{"taxonomy":"category","embeddable":true,"href":"https:\/\/iglesia-en-villar.es\/blog\/wp-json\/wp\/v2\/categories?post=9465"},{"taxonomy":"post_tag","embeddable":true,"href":"https:\/\/iglesia-en-villar.es\/blog\/wp-json\/wp\/v2\/tags?post=9465"}],"curies":[{"name":"wp","href":"https:\/\/api.w.org\/{rel}","templated":true}]}}