{"id":9528,"date":"2023-02-17T13:30:19","date_gmt":"2023-02-17T12:30:19","guid":{"rendered":"https:\/\/iglesia-en-villar.es\/blog\/?p=9528"},"modified":"2023-02-17T13:30:53","modified_gmt":"2023-02-17T12:30:53","slug":"editorial-154","status":"publish","type":"post","link":"https:\/\/iglesia-en-villar.es\/blog\/2023\/02\/17\/editorial-154\/","title":{"rendered":"Editorial"},"content":{"rendered":"\n<h2 class=\"has-text-align-center wp-block-heading\">Saludos con todo mi afecto . . . . <\/h2>\n\n\n\n<p>al pueblo de Villar del Arzobispo. Mi nombre es Manuel, hasta ahora cura Vicario de Aldaia y desde el pasado Domingo doce de febrero de este 2023, nuevo P\u00e1rroco de la Parroquia de Nuestra Se\u00f1ora de la Paz y capell\u00e1n del monasterio de las Carmelitas descalzas de Villar. Recibo con gratitud, ilusi\u00f3n y confianza, este nuevo encargo que me ha encomendado nuestro Arzobispo Don Enrique Benavent, sabiendo de quien me he fiado y que este camino que iniciamos lo hacemos bajo la protecci\u00f3n y amparo de San Roque y de nuestra madre, la Sant\u00edsima Virgen venerada en Villar con el entra\u00f1able t\u00edtulo de Virgen de la Paz.<\/p>\n\n\n\n<p>Y digo confianza, pues a pesar de las limitaciones y pobrezas de este pastor que os escribe, el pueblo de Villar, cuenta con todo un \u201cejercito de enamorados del Se\u00f1or\u201d comprometidos con el anuncio de un mensaje revolucionario para la sociedad de hoy, el anuncio de una Buena Noticia; Cristo te ama con locura y se subi\u00f3 a la Cruz TAMBIEN POR TI.<\/p>\n\n\n\n<p>Caminar y vivir con todos los villarencos, entre todos los villarencos, haciendo propias sus alegr\u00edas y tristezas, viviendo con intensidad sus fiestas y costumbres, siendo cercano a todos, sin barreras, en definitiva, ser un villarenco m\u00e1s, consagrado a Dios y al frente de nuestra Parroquia, es el deseo que, con la gracia de Dios, pretendo hacer proyecto personal de vida.<\/p>\n\n\n\n<p><a><\/a> Pediros desde ya paciencia en este camino iniciado y que retomamos y agradeceros vuestra comprensi\u00f3n y vuestra oraci\u00f3n.<\/p>\n\n\n\n<p>Me despido dese\u00e1ndoos un feliz carnaval 2023. Este \u201cprimer Carnaval post pandemia\u201d, que est\u00e1 llevando el nombre de Villar por toda Valencia. Carnaval, que se convierte en una explosi\u00f3n de alegr\u00eda y jubilo, donde participan con ilusi\u00f3n tantas familias, ni\u00f1os, j\u00f3venes y mayores, donde se mezclan el ingenio de la confecci\u00f3n de los disfraces con el ingenio de las murgas. Una fiesta que se convierte en ocasi\u00f3n para ensanchar el coraz\u00f3n, para dar gracias a Dios por la vida, para dar gracias a Dios por nuestros padres, hijos, abuelos\u2026para agrandar y fortalecer los lazos fraternos que se establecen entre los amigos, una magnifica puerta de entrada a la ya cercana Cuaresma.<\/p>\n\n\n\n<p>Rezo por todos y cada uno de vosotros, y que Dios os bendiga. <\/p>\n\n\n\n<p>Con afecto, vuestro P\u00e1rroco Manuel.<\/p>\n","protected":false},"excerpt":{"rendered":"<p>Saludos con todo mi afecto . . . . al pueblo de Villar del Arzobispo. Mi nombre es Manuel, hasta ahora cura Vicario de Aldaia y desde el pasado Domingo doce de febrero de este 2023, nuevo P\u00e1rroco de la Parroquia de Nuestra Se\u00f1ora de la Paz y capell\u00e1n del monasterio de las Carmelitas descalzas de Villar. Recibo con gratitud,&#8230;<\/p>\n<p> <a class=\"continue-reading-link\" href=\"https:\/\/iglesia-en-villar.es\/blog\/2023\/02\/17\/editorial-154\/\"><span>Leer m\u00e1s<\/span><i class=\"crycon-right-dir\"><\/i><\/a> <\/p>\n","protected":false},"author":53745,"featured_media":9531,"comment_status":"open","ping_status":"open","sticky":false,"template":"","format":"standard","meta":{"inline_featured_image":false,"footnotes":""},"categories":[13],"tags":[],"class_list":["post-9528","post","type-post","status-publish","format-standard","has-post-thumbnail","hentry","category-editorial"],"better_featured_image":{"id":9531,"alt_text":"","caption":"","description":"","media_type":"image","media_details":{"width":1500,"height":2000,"file":"2023\/02\/IMG_6632.jpg","filesize":351712,"sizes":{"medium":{"file":"IMG_6632-225x300.jpg","width":225,"height":300,"mime-type":"image\/jpeg","filesize":15185,"source_url":"https:\/\/iglesia-en-villar.es\/blog\/wp-content\/uploads\/2023\/02\/IMG_6632-225x300.jpg"},"large":{"file":"IMG_6632-768x1024.jpg","width":768,"height":1024,"mime-type":"image\/jpeg","filesize":106333,"source_url":"https:\/\/iglesia-en-villar.es\/blog\/wp-content\/uploads\/2023\/02\/IMG_6632-768x1024.jpg"},"thumbnail":{"file":"IMG_6632-150x150.jpg","width":150,"height":150,"mime-type":"image\/jpeg","filesize":6303,"source_url":"https:\/\/iglesia-en-villar.es\/blog\/wp-content\/uploads\/2023\/02\/IMG_6632-150x150.jpg"},"medium_large":{"file":"IMG_6632-768x1024.jpg","width":768,"height":1024,"mime-type":"image\/jpeg","filesize":106333,"source_url":"https:\/\/iglesia-en-villar.es\/blog\/wp-content\/uploads\/2023\/02\/IMG_6632-768x1024.jpg"},"1536x1536":{"file":"IMG_6632-1152x1536.jpg","width":1152,"height":1536,"mime-type":"image\/jpeg","filesize":199493,"source_url":"https:\/\/iglesia-en-villar.es\/blog\/wp-content\/uploads\/2023\/02\/IMG_6632-1152x1536.jpg"},"post-thumbnail":{"file":"IMG_6632-113x150.jpg","width":113,"height":150,"mime-type":"image\/jpeg","filesize":5283,"source_url":"https:\/\/iglesia-en-villar.es\/blog\/wp-content\/uploads\/2023\/02\/IMG_6632-113x150.jpg"},"header":{"file":"IMG_6632-1320x230.jpg","width":1320,"height":230,"mime-type":"image\/jpeg","filesize":34996,"source_url":"https:\/\/iglesia-en-villar.es\/blog\/wp-content\/uploads\/2023\/02\/IMG_6632-1320x230.jpg"},"slider":{"file":"IMG_6632-1500x580.jpg","width":1500,"height":580,"mime-type":"image\/jpeg","filesize":103778,"source_url":"https:\/\/iglesia-en-villar.es\/blog\/wp-content\/uploads\/2023\/02\/IMG_6632-1500x580.jpg"},"columns":{"file":"IMG_6632-330x300.jpg","width":330,"height":300,"mime-type":"image\/jpeg","filesize":19432,"source_url":"https:\/\/iglesia-en-villar.es\/blog\/wp-content\/uploads\/2023\/02\/IMG_6632-330x300.jpg"},"custom":{"file":"IMG_6632-250x333.jpg","width":250,"height":333,"mime-type":"image\/jpeg","filesize":17729,"source_url":"https:\/\/iglesia-en-villar.es\/blog\/wp-content\/uploads\/2023\/02\/IMG_6632-250x333.jpg"}},"image_meta":{"aperture":"0","credit":"","camera":"","caption":"","created_timestamp":"1676627397","copyright":"","focal_length":"0","iso":"0","shutter_speed":"0","title":"","orientation":"1","keywords":[]}},"post":null,"source_url":"https:\/\/iglesia-en-villar.es\/blog\/wp-content\/uploads\/2023\/02\/IMG_6632.jpg"},"read":true,"_links":{"self":[{"href":"https:\/\/iglesia-en-villar.es\/blog\/wp-json\/wp\/v2\/posts\/9528","targetHints":{"allow":["GET"]}}],"collection":[{"href":"https:\/\/iglesia-en-villar.es\/blog\/wp-json\/wp\/v2\/posts"}],"about":[{"href":"https:\/\/iglesia-en-villar.es\/blog\/wp-json\/wp\/v2\/types\/post"}],"author":[{"embeddable":true,"href":"https:\/\/iglesia-en-villar.es\/blog\/wp-json\/wp\/v2\/users\/53745"}],"replies":[{"embeddable":true,"href":"https:\/\/iglesia-en-villar.es\/blog\/wp-json\/wp\/v2\/comments?post=9528"}],"version-history":[{"count":2,"href":"https:\/\/iglesia-en-villar.es\/blog\/wp-json\/wp\/v2\/posts\/9528\/revisions"}],"predecessor-version":[{"id":9530,"href":"https:\/\/iglesia-en-villar.es\/blog\/wp-json\/wp\/v2\/posts\/9528\/revisions\/9530"}],"wp:featuredmedia":[{"embeddable":true,"href":"https:\/\/iglesia-en-villar.es\/blog\/wp-json\/wp\/v2\/media\/9531"}],"wp:attachment":[{"href":"https:\/\/iglesia-en-villar.es\/blog\/wp-json\/wp\/v2\/media?parent=9528"}],"wp:term":[{"taxonomy":"category","embeddable":true,"href":"https:\/\/iglesia-en-villar.es\/blog\/wp-json\/wp\/v2\/categories?post=9528"},{"taxonomy":"post_tag","embeddable":true,"href":"https:\/\/iglesia-en-villar.es\/blog\/wp-json\/wp\/v2\/tags?post=9528"}],"curies":[{"name":"wp","href":"https:\/\/api.w.org\/{rel}","templated":true}]}}