{"id":9566,"date":"2023-03-10T11:43:18","date_gmt":"2023-03-10T10:43:18","guid":{"rendered":"https:\/\/iglesia-en-villar.es\/blog\/?p=9566"},"modified":"2023-03-10T11:43:19","modified_gmt":"2023-03-10T10:43:19","slug":"rincon-carmelitano-165","status":"publish","type":"post","link":"https:\/\/iglesia-en-villar.es\/blog\/2023\/03\/10\/rincon-carmelitano-165\/","title":{"rendered":"Rinc\u00f3n Carmelitano"},"content":{"rendered":"\n<p><strong>SANTA TERESA DEL NI\u00d1O JES\u00daS Y DE LA SANTA FAZ, ( Es el nombre completo de Carmelita )<\/strong><\/p>\n\n\n\n<p>&nbsp;Teresita enamorada de la humanidad de Cristo&nbsp; y de su significado salvador, en su nombre religioso, Teresita une&nbsp; los dos misterios de abajamiento de Jes\u00fas: Infancia y pasi\u00f3n. Encarnaci\u00f3n y Pascua, misterio de entrega del Dios hecho carne, dos caras del mismo disco, contemplado por Teresa en los dos t\u00edtulos que ostenta su nombre religioso: consagraci\u00f3n al Dios que se abaja haci\u00e9ndose ni\u00f1o y muriendo por nosotros&nbsp;en la cruz. Esa unidad es, en la Santa, algo vital: Teresa lo es del Ni\u00f1o Jes\u00fas y de la Santa Faz.<\/p>\n\n\n\n<p>&nbsp;La contemplaci\u00f3n de la Santa Faz es la contemplaci\u00f3n del Dios cercano, solidario, que se ha bajado para compartir los sufrimientos de los hombres, y Teresa se siente escogida para la imitaci\u00f3n del Dios humilde y escondido: \u00bb Jes\u00fas nos ha enviado la cruz m\u00e1s escogida que, en su amor inmenso, ha podido inventar&#8230;\u00bfC\u00f3mo quejarnos, cuando \u00c9l mismo fuer considerado como un hombre herido, por Dios y humillado ?<\/p>\n\n\n\n<p>&nbsp;\u00a1Oh, Dios m\u00edo!, tu amor despreciado \u00bftendr\u00e1 que quedarse encerrado en tu coraz\u00f3n? Creo que si&nbsp; encontraras alma que se ofreciese como v\u00edctimas de holocausto a tu amor, las consumar\u00edas&nbsp;r\u00e1pidamente. Creo que te sentir\u00edas feliz si no tuvieses que reprimir, las oleadas de infinita ternura que hay en Ti&#8230;<\/p>\n\n\n\n<p>&nbsp;Contemplando la humanidad de Cristo, que se hace peque\u00f1o, Teresa aprende y nos ense\u00f1a a bajar, a hacerse peque\u00f1os, gastarse en la simplicidad y la sencillez desprenderse del apego al fruto de las propias obras, vivir de amor y sentirse acogido por la misericordia. Dejar de luchar para encontrar a Dios para dejarnos encontrar por \u00c9l. La confianza y el amor absoluto dejan a Dios las manos para obrar para transformar el alma, la persona, desde la realidad de uno mismo, desde la aceptaci\u00f3n de la propia pobreza.<\/p>\n\n\n\n<p>&nbsp;<em>En el misterio de&nbsp; la santa Faz se manifiesta el sufrimiento y la soledad de Jes\u00fas que nace de su sed de almas, de su deseo de reunir a todos los hombres como la gallina re\u00fane a sus polluelos.&nbsp;<\/em><\/p>\n\n\n\n<p>&nbsp; &nbsp; &nbsp; &nbsp; &nbsp; &nbsp; &nbsp; &nbsp; &nbsp; &nbsp; &nbsp; &nbsp; &nbsp; &nbsp; &nbsp; &nbsp; &nbsp;HEMANAS CARMELITAS<\/p>\n","protected":false},"excerpt":{"rendered":"<p>SANTA TERESA DEL NI\u00d1O JES\u00daS Y DE LA SANTA FAZ, ( Es el nombre completo de Carmelita ) &nbsp;Teresita enamorada de la humanidad de Cristo&nbsp; y de su significado salvador, en su nombre religioso, Teresita une&nbsp; los dos misterios de abajamiento de Jes\u00fas: Infancia y pasi\u00f3n. Encarnaci\u00f3n y Pascua, misterio de entrega del Dios hecho carne, dos caras del mismo&#8230;<\/p>\n<p> <a class=\"continue-reading-link\" href=\"https:\/\/iglesia-en-villar.es\/blog\/2023\/03\/10\/rincon-carmelitano-165\/\"><span>Leer m\u00e1s<\/span><i class=\"crycon-right-dir\"><\/i><\/a> <\/p>\n","protected":false},"author":53745,"featured_media":9571,"comment_status":"open","ping_status":"open","sticky":false,"template":"","format":"standard","meta":{"inline_featured_image":false,"footnotes":""},"categories":[5],"tags":[],"class_list":["post-9566","post","type-post","status-publish","format-standard","has-post-thumbnail","hentry","category-monasterio"],"better_featured_image":{"id":9571,"alt_text":"","caption":"","description":"","media_type":"image","media_details":{"width":248,"height":250,"file":"2023\/03\/202-rincon.png","filesize":86812,"sizes":{"thumbnail":{"file":"202-rincon-150x150.png","width":150,"height":150,"mime-type":"image\/png","filesize":38824,"source_url":"https:\/\/iglesia-en-villar.es\/blog\/wp-content\/uploads\/2023\/03\/202-rincon-150x150.png"},"post-thumbnail":{"file":"202-rincon-150x150.png","width":150,"height":150,"mime-type":"image\/png","filesize":38781,"source_url":"https:\/\/iglesia-en-villar.es\/blog\/wp-content\/uploads\/2023\/03\/202-rincon-150x150.png"},"header":{"file":"202-rincon-248x230.png","width":248,"height":230,"mime-type":"image\/png","filesize":84164,"source_url":"https:\/\/iglesia-en-villar.es\/blog\/wp-content\/uploads\/2023\/03\/202-rincon-248x230.png"}},"image_meta":{"aperture":"0","credit":"","camera":"","caption":"","created_timestamp":"0","copyright":"","focal_length":"0","iso":"0","shutter_speed":"0","title":"","orientation":"0","keywords":[]}},"post":null,"source_url":"https:\/\/iglesia-en-villar.es\/blog\/wp-content\/uploads\/2023\/03\/202-rincon.png"},"read":true,"_links":{"self":[{"href":"https:\/\/iglesia-en-villar.es\/blog\/wp-json\/wp\/v2\/posts\/9566","targetHints":{"allow":["GET"]}}],"collection":[{"href":"https:\/\/iglesia-en-villar.es\/blog\/wp-json\/wp\/v2\/posts"}],"about":[{"href":"https:\/\/iglesia-en-villar.es\/blog\/wp-json\/wp\/v2\/types\/post"}],"author":[{"embeddable":true,"href":"https:\/\/iglesia-en-villar.es\/blog\/wp-json\/wp\/v2\/users\/53745"}],"replies":[{"embeddable":true,"href":"https:\/\/iglesia-en-villar.es\/blog\/wp-json\/wp\/v2\/comments?post=9566"}],"version-history":[{"count":1,"href":"https:\/\/iglesia-en-villar.es\/blog\/wp-json\/wp\/v2\/posts\/9566\/revisions"}],"predecessor-version":[{"id":9567,"href":"https:\/\/iglesia-en-villar.es\/blog\/wp-json\/wp\/v2\/posts\/9566\/revisions\/9567"}],"wp:featuredmedia":[{"embeddable":true,"href":"https:\/\/iglesia-en-villar.es\/blog\/wp-json\/wp\/v2\/media\/9571"}],"wp:attachment":[{"href":"https:\/\/iglesia-en-villar.es\/blog\/wp-json\/wp\/v2\/media?parent=9566"}],"wp:term":[{"taxonomy":"category","embeddable":true,"href":"https:\/\/iglesia-en-villar.es\/blog\/wp-json\/wp\/v2\/categories?post=9566"},{"taxonomy":"post_tag","embeddable":true,"href":"https:\/\/iglesia-en-villar.es\/blog\/wp-json\/wp\/v2\/tags?post=9566"}],"curies":[{"name":"wp","href":"https:\/\/api.w.org\/{rel}","templated":true}]}}