{"id":9568,"date":"2023-03-10T11:46:24","date_gmt":"2023-03-10T10:46:24","guid":{"rendered":"https:\/\/iglesia-en-villar.es\/blog\/?p=9568"},"modified":"2023-03-10T11:46:24","modified_gmt":"2023-03-10T10:46:24","slug":"editorial-157","status":"publish","type":"post","link":"https:\/\/iglesia-en-villar.es\/blog\/2023\/03\/10\/editorial-157\/","title":{"rendered":"Editorial"},"content":{"rendered":"\n<p><strong>Cuaresma; tiempo favorable para aprender a vivir en la l\u00f3gica de la gratuidad<\/strong><\/p>\n\n\n\n<p><em>\u201cOs aseguro que esa pobre viuda ha echado en el cepillo m\u00e1s que nadie<\/em>\u201d<\/p>\n\n\n\n<p>No hace falta un an\u00e1lisis muy sesudo, para que, echando un vistazo a los tiempos que hoy vivimos, observemos una sociedad, que invita a vivir en un yo, m\u00ed, me conmigo continuo, que invita a encerrarse en su peque\u00f1o mundo, convirtiendo nuestras vidas en jaulas de oro.<\/p>\n\n\n\n<p><a><\/a> Jes\u00fas no elabora muchas teor\u00edas, pero lee lo que pasa en la vida descubriendo ah\u00ed lo divino en lo humano. Sentado frente al cepillo del templo donde los fieles echan sus limosnas, ve c\u00f3mo los grandes se\u00f1ores se acercan arrogantemente y echan cantidad de dinero de lo que les sobra para darse importancia ante la gente. Y ve tambi\u00e9n a una pobre viuda que se acerca t\u00edmidamente y echa los dos reales que tiene para vivir. La diferencia: para los pudientes dan una limosna para quedar bien ante lo dem\u00e1s, mientras la viuda entrega su propia vida compartiendo lo que tambi\u00e9n ella necesita.<br><br>Son dos l\u00f3gicas incompatibles que pueden modelar nuestra conducta. O nos ponemos a nosotros mismos como centro absoluto e intocable; o tenemos como centro absoluto a Dios que con amor nos est\u00e1 continuamente sosteniendo y sostiene tambi\u00e9n a los otros. En el primer caso nos relacionamos con el otro para salvaguardar nuestra propia seguridad; incluso para quedar tranquilos, podemos dar limosna de lo que nos sobra como vamos al pod\u00f3logo para que nos quite un juanete que nos molesta. En la segunda perspectiva, entendemos que la l\u00f3gica del don y de la gratuidad responde a nuestra experiencia de Dios misericordioso revelado en Jesucristo, cuya prueba y expresi\u00f3n es la salida en amor gratuito hacia el otro.<br><br>La alternativa entre relacionarnos con el otro \u00fanicamente buscando nuestra propia seguridad, o entregando nuestra propia vida para que el otro tenga vida y empe\u00f1ando nuestra libertad para que el otro sea libre, se plantea en todos los \u00e1mbitos de nuestra existencia humana. En la familia en la sociedad y en la misma comunidad cristiana. A modo de ejemplo, podemos mirar c\u00f3mo est\u00e1 organizada nuestra sociedad. En la l\u00f3gica del mercado, no entra para nada la compasi\u00f3n y la gratuidad. El que no renta es material desechable, y los mismos cristianos aceptamos el eslogan: \u201clo m\u00edo es m\u00edo y hago con ello lo que quiero\u201d. Sin embargo, Jes\u00fas nos ense\u00f1a, que es la l\u00f3gica de la gratuidad, la que debe entretejer las relaciones humanas. En esta perspectiva no compartir con los pobres los propios bienes es ser c\u00f3mplices de la cultura del descarte; no somos poseedores sino administradores.<\/p>\n","protected":false},"excerpt":{"rendered":"<p>Cuaresma; tiempo favorable para aprender a vivir en la l\u00f3gica de la gratuidad \u201cOs aseguro que esa pobre viuda ha echado en el cepillo m\u00e1s que nadie\u201d No hace falta un an\u00e1lisis muy sesudo, para que, echando un vistazo a los tiempos que hoy vivimos, observemos una sociedad, que invita a vivir en un yo, m\u00ed, me conmigo continuo, que&#8230;<\/p>\n<p> <a class=\"continue-reading-link\" href=\"https:\/\/iglesia-en-villar.es\/blog\/2023\/03\/10\/editorial-157\/\"><span>Leer m\u00e1s<\/span><i class=\"crycon-right-dir\"><\/i><\/a> <\/p>\n","protected":false},"author":53745,"featured_media":9570,"comment_status":"open","ping_status":"open","sticky":false,"template":"","format":"standard","meta":{"inline_featured_image":false,"footnotes":""},"categories":[13],"tags":[],"class_list":["post-9568","post","type-post","status-publish","format-standard","has-post-thumbnail","hentry","category-editorial"],"better_featured_image":{"id":9570,"alt_text":"","caption":"","description":"","media_type":"image","media_details":{"width":842,"height":595,"file":"2023\/03\/PHOTO-2023-03-09-20-58-38.jpg","filesize":29114,"sizes":{"medium":{"file":"PHOTO-2023-03-09-20-58-38-300x212.jpg","width":300,"height":212,"mime-type":"image\/jpeg","filesize":8478,"source_url":"https:\/\/iglesia-en-villar.es\/blog\/wp-content\/uploads\/2023\/03\/PHOTO-2023-03-09-20-58-38-300x212.jpg"},"thumbnail":{"file":"PHOTO-2023-03-09-20-58-38-150x150.jpg","width":150,"height":150,"mime-type":"image\/jpeg","filesize":4537,"source_url":"https:\/\/iglesia-en-villar.es\/blog\/wp-content\/uploads\/2023\/03\/PHOTO-2023-03-09-20-58-38-150x150.jpg"},"medium_large":{"file":"PHOTO-2023-03-09-20-58-38-768x543.jpg","width":768,"height":543,"mime-type":"image\/jpeg","filesize":27451,"source_url":"https:\/\/iglesia-en-villar.es\/blog\/wp-content\/uploads\/2023\/03\/PHOTO-2023-03-09-20-58-38-768x543.jpg"},"post-thumbnail":{"file":"PHOTO-2023-03-09-20-58-38-150x106.jpg","width":150,"height":106,"mime-type":"image\/jpeg","filesize":3689,"source_url":"https:\/\/iglesia-en-villar.es\/blog\/wp-content\/uploads\/2023\/03\/PHOTO-2023-03-09-20-58-38-150x106.jpg"},"header":{"file":"PHOTO-2023-03-09-20-58-38-842x230.jpg","width":842,"height":230,"mime-type":"image\/jpeg","filesize":14372,"source_url":"https:\/\/iglesia-en-villar.es\/blog\/wp-content\/uploads\/2023\/03\/PHOTO-2023-03-09-20-58-38-842x230.jpg"},"slider":{"file":"PHOTO-2023-03-09-20-58-38-842x580.jpg","width":842,"height":580,"mime-type":"image\/jpeg","filesize":30371,"source_url":"https:\/\/iglesia-en-villar.es\/blog\/wp-content\/uploads\/2023\/03\/PHOTO-2023-03-09-20-58-38-842x580.jpg"},"columns":{"file":"PHOTO-2023-03-09-20-58-38-330x300.jpg","width":330,"height":300,"mime-type":"image\/jpeg","filesize":11316,"source_url":"https:\/\/iglesia-en-villar.es\/blog\/wp-content\/uploads\/2023\/03\/PHOTO-2023-03-09-20-58-38-330x300.jpg"},"custom":{"file":"PHOTO-2023-03-09-20-58-38-250x177.jpg","width":250,"height":177,"mime-type":"image\/jpeg","filesize":6816,"source_url":"https:\/\/iglesia-en-villar.es\/blog\/wp-content\/uploads\/2023\/03\/PHOTO-2023-03-09-20-58-38-250x177.jpg"}},"image_meta":{"aperture":"0","credit":"","camera":"","caption":"","created_timestamp":"0","copyright":"","focal_length":"0","iso":"0","shutter_speed":"0","title":"","orientation":"0","keywords":[]}},"post":null,"source_url":"https:\/\/iglesia-en-villar.es\/blog\/wp-content\/uploads\/2023\/03\/PHOTO-2023-03-09-20-58-38.jpg"},"read":true,"_links":{"self":[{"href":"https:\/\/iglesia-en-villar.es\/blog\/wp-json\/wp\/v2\/posts\/9568","targetHints":{"allow":["GET"]}}],"collection":[{"href":"https:\/\/iglesia-en-villar.es\/blog\/wp-json\/wp\/v2\/posts"}],"about":[{"href":"https:\/\/iglesia-en-villar.es\/blog\/wp-json\/wp\/v2\/types\/post"}],"author":[{"embeddable":true,"href":"https:\/\/iglesia-en-villar.es\/blog\/wp-json\/wp\/v2\/users\/53745"}],"replies":[{"embeddable":true,"href":"https:\/\/iglesia-en-villar.es\/blog\/wp-json\/wp\/v2\/comments?post=9568"}],"version-history":[{"count":1,"href":"https:\/\/iglesia-en-villar.es\/blog\/wp-json\/wp\/v2\/posts\/9568\/revisions"}],"predecessor-version":[{"id":9569,"href":"https:\/\/iglesia-en-villar.es\/blog\/wp-json\/wp\/v2\/posts\/9568\/revisions\/9569"}],"wp:featuredmedia":[{"embeddable":true,"href":"https:\/\/iglesia-en-villar.es\/blog\/wp-json\/wp\/v2\/media\/9570"}],"wp:attachment":[{"href":"https:\/\/iglesia-en-villar.es\/blog\/wp-json\/wp\/v2\/media?parent=9568"}],"wp:term":[{"taxonomy":"category","embeddable":true,"href":"https:\/\/iglesia-en-villar.es\/blog\/wp-json\/wp\/v2\/categories?post=9568"},{"taxonomy":"post_tag","embeddable":true,"href":"https:\/\/iglesia-en-villar.es\/blog\/wp-json\/wp\/v2\/tags?post=9568"}],"curies":[{"name":"wp","href":"https:\/\/api.w.org\/{rel}","templated":true}]}}