{"id":9580,"date":"2023-03-17T11:26:48","date_gmt":"2023-03-17T10:26:48","guid":{"rendered":"https:\/\/iglesia-en-villar.es\/blog\/?p=9580"},"modified":"2023-03-17T11:26:49","modified_gmt":"2023-03-17T10:26:49","slug":"editorial-158","status":"publish","type":"post","link":"https:\/\/iglesia-en-villar.es\/blog\/2023\/03\/17\/editorial-158\/","title":{"rendered":"Editorial"},"content":{"rendered":"\n<h1 class=\"has-text-align-center wp-block-heading\"><strong>DIOS CONFI\u00d3 EN EL<\/strong><\/h1>\n\n\n\n<p>La celebraci\u00f3n del D\u00eda del Padre constituye un evento internacional cuyo origen parece que se remonta a 1909 en Estados Unidos, inici\u00e1ndose en Espa\u00f1a el 19 de marzo de 1948.<\/p>\n\n\n\n<p><a><\/a> No es casual que el D\u00eda del Padre se celebre en la festividad de san Jos\u00e9, modelo de esposo y padre para los cristianos, y tambi\u00e9n obrero trabajando para su familia en el marco de la comunidad. En los Evangelios Can\u00f3nicos, solo aparece su figura en los Evangelios de Mateo y Lucas, debido a la cronolog\u00eda temporal utilizada en el relato evang\u00e9lico. Ambos evangelios dedican una parte sustancial de la infancia de Jes\u00fas a relatar el papel esencial de Jos\u00e9 con Mar\u00eda y el marco de la Sagrada Familia. En los dos Evangelios donde figura la presencia de san Jos\u00e9 es siempre en relaci\u00f3n con los tiempos anteriores a la vida p\u00fablica del Hijo de Dios. San Jos\u00e9 tiene un papel esencial, comprendiendo su labor y cuidando a la Virgen Mar\u00eda y al Ni\u00f1o Jes\u00fas, como un buen padre. Quiz\u00e1s su desaparici\u00f3n del relato evang\u00e9lico posterior a la infancia de Jes\u00fas tiene que ver con su muerte. Seg\u00fan algunos investigadores san Jos\u00e9, debi\u00f3 morir a los 50 a\u00f1os antes de que comenzara la vida p\u00fablica de Jes\u00fas. Entre los Evangelios Ap\u00f3crifos, la figura de Jos\u00e9 aparece en los denominados Evangelios de la Natividad de Jes\u00fas y los Evangelios de la Infancia de Jes\u00fas. Tomando el relato evang\u00e9lico de Mateo y Lucas, Jos\u00e9 es muy importante, primero en su relaci\u00f3n con Mar\u00eda y luego en el marco de la Sagrada Familia. Jos\u00e9 es el art\u00edfice de la migraci\u00f3n forzada de la Sagrada Familia a Egipto, sufriendo persecuci\u00f3n como sufren muchas familias hoy en muchas partes del mundo por las injustas guerras que genera la ambici\u00f3n humana. La sagrada Familia entre los emigrantes, perseguidos y exilados del mundo.<\/p>\n\n\n\n<p>Durante muchos a\u00f1os, Jos\u00e9 fue el maestro de Jes\u00fas, como lo son los padres hoy de sus hijos. La sociedad debe favorecer esta labor de los padres hacia los hijos, cuesti\u00f3n que no parece debida a la sobrecarga de trabajo para poder llevar adelante sus familias, o peor, la ausencia de trabajo. Las condiciones materiales de la sociedad favorecen, o no, la labor de los padres, la vida de las familias. La transformaci\u00f3n de la sociedad a un modelo m\u00e1s justo es hoy imprescindible ante las desigualdades existentes. Los cristianos debemos colaborar para ello, cada uno desde donde est\u00e9, ya que el modelo de vida que seguimos es el modelo evang\u00e9lico, impregnado del amor que Jos\u00e9 dedic\u00f3 a Mar\u00eda y a Jes\u00fas.<\/p>\n\n\n\n<p>Felicidades a todos los padres y tambi\u00e9n a todos los que llevan el nombre de Jos\u00e9, figura esencial de la Sagrada Familia. Deseo en esta festividad de san Jos\u00e9 felicitar a la familia carmelitana por la significaci\u00f3n que tiene este d\u00eda para ellos.<\/p>\n","protected":false},"excerpt":{"rendered":"<p>DIOS CONFI\u00d3 EN EL La celebraci\u00f3n del D\u00eda del Padre constituye un evento internacional cuyo origen parece que se remonta a 1909 en Estados Unidos, inici\u00e1ndose en Espa\u00f1a el 19 de marzo de 1948. No es casual que el D\u00eda del Padre se celebre en la festividad de san Jos\u00e9, modelo de esposo y padre para los cristianos, y tambi\u00e9n&#8230;<\/p>\n<p> <a class=\"continue-reading-link\" href=\"https:\/\/iglesia-en-villar.es\/blog\/2023\/03\/17\/editorial-158\/\"><span>Leer m\u00e1s<\/span><i class=\"crycon-right-dir\"><\/i><\/a> <\/p>\n","protected":false},"author":53745,"featured_media":9583,"comment_status":"open","ping_status":"open","sticky":false,"template":"","format":"standard","meta":{"inline_featured_image":false,"footnotes":""},"categories":[13],"tags":[],"class_list":["post-9580","post","type-post","status-publish","format-standard","has-post-thumbnail","hentry","category-editorial"],"better_featured_image":{"id":9583,"alt_text":"","caption":"","description":"","media_type":"image","media_details":{"width":400,"height":400,"file":"2023\/03\/SANJOSE.png","filesize":220318,"sizes":{"medium":{"file":"SANJOSE-300x300.png","width":300,"height":300,"mime-type":"image\/png","filesize":132215,"source_url":"https:\/\/iglesia-en-villar.es\/blog\/wp-content\/uploads\/2023\/03\/SANJOSE-300x300.png"},"thumbnail":{"file":"SANJOSE-150x150.png","width":150,"height":150,"mime-type":"image\/png","filesize":40829,"source_url":"https:\/\/iglesia-en-villar.es\/blog\/wp-content\/uploads\/2023\/03\/SANJOSE-150x150.png"},"post-thumbnail":{"file":"SANJOSE-150x150.png","width":150,"height":150,"mime-type":"image\/png","filesize":40829,"source_url":"https:\/\/iglesia-en-villar.es\/blog\/wp-content\/uploads\/2023\/03\/SANJOSE-150x150.png"},"header":{"file":"SANJOSE-400x230.png","width":400,"height":230,"mime-type":"image\/png","filesize":151862,"source_url":"https:\/\/iglesia-en-villar.es\/blog\/wp-content\/uploads\/2023\/03\/SANJOSE-400x230.png"},"columns":{"file":"SANJOSE-330x300.png","width":330,"height":300,"mime-type":"image\/png","filesize":149406,"source_url":"https:\/\/iglesia-en-villar.es\/blog\/wp-content\/uploads\/2023\/03\/SANJOSE-330x300.png"},"custom":{"file":"SANJOSE-250x250.png","width":250,"height":250,"mime-type":"image\/png","filesize":97501,"source_url":"https:\/\/iglesia-en-villar.es\/blog\/wp-content\/uploads\/2023\/03\/SANJOSE-250x250.png"}},"image_meta":{"aperture":"0","credit":"","camera":"","caption":"","created_timestamp":"0","copyright":"","focal_length":"0","iso":"0","shutter_speed":"0","title":"","orientation":"0","keywords":[]}},"post":null,"source_url":"https:\/\/iglesia-en-villar.es\/blog\/wp-content\/uploads\/2023\/03\/SANJOSE.png"},"read":true,"_links":{"self":[{"href":"https:\/\/iglesia-en-villar.es\/blog\/wp-json\/wp\/v2\/posts\/9580","targetHints":{"allow":["GET"]}}],"collection":[{"href":"https:\/\/iglesia-en-villar.es\/blog\/wp-json\/wp\/v2\/posts"}],"about":[{"href":"https:\/\/iglesia-en-villar.es\/blog\/wp-json\/wp\/v2\/types\/post"}],"author":[{"embeddable":true,"href":"https:\/\/iglesia-en-villar.es\/blog\/wp-json\/wp\/v2\/users\/53745"}],"replies":[{"embeddable":true,"href":"https:\/\/iglesia-en-villar.es\/blog\/wp-json\/wp\/v2\/comments?post=9580"}],"version-history":[{"count":1,"href":"https:\/\/iglesia-en-villar.es\/blog\/wp-json\/wp\/v2\/posts\/9580\/revisions"}],"predecessor-version":[{"id":9581,"href":"https:\/\/iglesia-en-villar.es\/blog\/wp-json\/wp\/v2\/posts\/9580\/revisions\/9581"}],"wp:featuredmedia":[{"embeddable":true,"href":"https:\/\/iglesia-en-villar.es\/blog\/wp-json\/wp\/v2\/media\/9583"}],"wp:attachment":[{"href":"https:\/\/iglesia-en-villar.es\/blog\/wp-json\/wp\/v2\/media?parent=9580"}],"wp:term":[{"taxonomy":"category","embeddable":true,"href":"https:\/\/iglesia-en-villar.es\/blog\/wp-json\/wp\/v2\/categories?post=9580"},{"taxonomy":"post_tag","embeddable":true,"href":"https:\/\/iglesia-en-villar.es\/blog\/wp-json\/wp\/v2\/tags?post=9580"}],"curies":[{"name":"wp","href":"https:\/\/api.w.org\/{rel}","templated":true}]}}