{"id":9587,"date":"2023-03-24T13:10:32","date_gmt":"2023-03-24T12:10:32","guid":{"rendered":"https:\/\/iglesia-en-villar.es\/blog\/?p=9587"},"modified":"2023-03-24T13:21:20","modified_gmt":"2023-03-24T12:21:20","slug":"avisos-141","status":"publish","type":"post","link":"https:\/\/iglesia-en-villar.es\/blog\/2023\/03\/24\/avisos-141\/","title":{"rendered":"Avisos"},"content":{"rendered":"\n<p><strong>CAMBIO D\u00cdA INTENCIONES S\u00c1BADO 1 DE ABRIL.<\/strong><\/p>\n\n\n\n<p>Se comunica que las intenciones del S\u00e1bado d\u00eda 1 de Abril no se realizara Eucarist\u00eda por la tarde las intenciones se trasladan al d\u00eda 3 de Abril por motivos de Organizaci\u00f3n de la Semana Santa.<\/p>\n\n\n\n<p><strong>HORARIO DOMINGO DE RAMOS<\/strong><\/p>\n\n\n\n<p><strong>11,30 HORAS, BENDICI\u00d3N DE RAMOS EN LA ERMITA DE SAN VICENTE. A CONTINUACI\u00d3N PROCESI\u00d3N HASTA LA PARROQUIA Y EUCARIST\u00cdA DEL DOMINGO DE RAMOS.<\/strong><\/p>\n\n\n\n<p><strong>21,30 HORAS SANTO VIACRUCIS POR LAS CALLES DE VILLAR.<\/strong><\/p>\n\n\n\n<p><strong>LIMPIEZA MES DE ABRIL<\/strong><\/p>\n\n\n\n<p><strong>TEMPLO<\/strong><\/p>\n\n\n\n<p>Conchin Silvestre Balaguer<\/p>\n\n\n\n<p>Carmen Estevan Adri\u00e1n<\/p>\n\n\n\n<p>M. Paz Garc\u00eda Barrachina<\/p>\n\n\n\n<p>Reyes Estevan Adri\u00e1n<\/p>\n\n\n\n<p>M. Asunci\u00f3n Miralles Estevan<\/p>\n\n\n\n<p>Marilin Zaldivar Guerra<\/p>\n\n\n\n<p>Pilar Apar\u00edcio Molina<\/p>\n\n\n\n<p>M. Cruz Castellano Cervera<\/p>\n\n\n\n<p>M. Paz Usach Sanz<\/p>\n\n\n\n<p><em>COLABORADORAS EN PRODUCTOS LIMPIEZA<\/em><\/p>\n\n\n\n<p>Elena Rodilla Tortajada<\/p>\n\n\n\n<p>Encarna Porter Porter<\/p>\n\n\n\n<p>Carmen Adri\u00e1n Estevan<\/p>\n\n\n\n<p><strong>LOCALES<\/strong><\/p>\n\n\n\n<p>DEL 1 AL 15<\/p>\n\n\n\n<p>M. Carmen Moreno y Marilo Angulo<\/p>\n\n\n\n<p>DEL 16 AL 30<\/p>\n\n\n\n<p>Rocio Gil Gil y Pepita Torralba<\/p>\n\n\n\n<p><strong>ENCARGADAS DEL ACEITE<\/strong><\/p>\n\n\n\n<p>TERESA MINGUEZ IBA\u00d1EZ<\/p>\n\n\n\n<p>M. LUZ ALIAGA DIAGO<\/p>\n\n\n\n<p>ENCARNA PORTER PORTER<\/p>\n\n\n\n<p><\/p>\n","protected":false},"excerpt":{"rendered":"<p>CAMBIO D\u00cdA INTENCIONES S\u00c1BADO 1 DE ABRIL. Se comunica que las intenciones del S\u00e1bado d\u00eda 1 de Abril no se realizara Eucarist\u00eda por la tarde las intenciones se trasladan al d\u00eda 3 de Abril por motivos de Organizaci\u00f3n de la Semana Santa. HORARIO DOMINGO DE RAMOS 11,30 HORAS, BENDICI\u00d3N DE RAMOS EN LA ERMITA DE SAN VICENTE. A CONTINUACI\u00d3N PROCESI\u00d3N&#8230;<\/p>\n<p> <a class=\"continue-reading-link\" href=\"https:\/\/iglesia-en-villar.es\/blog\/2023\/03\/24\/avisos-141\/\"><span>Leer m\u00e1s<\/span><i class=\"crycon-right-dir\"><\/i><\/a> <\/p>\n","protected":false},"author":53745,"featured_media":0,"comment_status":"closed","ping_status":"closed","sticky":false,"template":"","format":"standard","meta":{"inline_featured_image":false,"footnotes":""},"categories":[10],"tags":[],"class_list":["post-9587","post","type-post","status-publish","format-standard","hentry","category-avisos"],"better_featured_image":null,"read":true,"_links":{"self":[{"href":"https:\/\/iglesia-en-villar.es\/blog\/wp-json\/wp\/v2\/posts\/9587","targetHints":{"allow":["GET"]}}],"collection":[{"href":"https:\/\/iglesia-en-villar.es\/blog\/wp-json\/wp\/v2\/posts"}],"about":[{"href":"https:\/\/iglesia-en-villar.es\/blog\/wp-json\/wp\/v2\/types\/post"}],"author":[{"embeddable":true,"href":"https:\/\/iglesia-en-villar.es\/blog\/wp-json\/wp\/v2\/users\/53745"}],"replies":[{"embeddable":true,"href":"https:\/\/iglesia-en-villar.es\/blog\/wp-json\/wp\/v2\/comments?post=9587"}],"version-history":[{"count":1,"href":"https:\/\/iglesia-en-villar.es\/blog\/wp-json\/wp\/v2\/posts\/9587\/revisions"}],"predecessor-version":[{"id":9588,"href":"https:\/\/iglesia-en-villar.es\/blog\/wp-json\/wp\/v2\/posts\/9587\/revisions\/9588"}],"wp:attachment":[{"href":"https:\/\/iglesia-en-villar.es\/blog\/wp-json\/wp\/v2\/media?parent=9587"}],"wp:term":[{"taxonomy":"category","embeddable":true,"href":"https:\/\/iglesia-en-villar.es\/blog\/wp-json\/wp\/v2\/categories?post=9587"},{"taxonomy":"post_tag","embeddable":true,"href":"https:\/\/iglesia-en-villar.es\/blog\/wp-json\/wp\/v2\/tags?post=9587"}],"curies":[{"name":"wp","href":"https:\/\/api.w.org\/{rel}","templated":true}]}}