{"id":9589,"date":"2023-03-24T13:14:17","date_gmt":"2023-03-24T12:14:17","guid":{"rendered":"https:\/\/iglesia-en-villar.es\/blog\/?p=9589"},"modified":"2023-03-24T13:14:18","modified_gmt":"2023-03-24T12:14:18","slug":"intenciones-de-misas-30","status":"publish","type":"post","link":"https:\/\/iglesia-en-villar.es\/blog\/2023\/03\/24\/intenciones-de-misas-30\/","title":{"rendered":"Intenciones de Misas"},"content":{"rendered":"\n<p><strong>LUNES <\/strong><strong>2<\/strong><strong>7<\/strong><\/p>\n\n\n\n<p>18,30 H TEMPLO SANTO ROSARIO<\/p>\n\n\n\n<p>19.00 H TEMPLO MISA.<\/p>\n\n\n\n<p>Sufragio de Matrimonio Ernesto Salvo y Montserrat Garcia.<\/p>\n\n\n\n<p><strong>MARTES <\/strong><strong>2<\/strong><strong>8<\/strong><\/p>\n\n\n\n<p>8,30 H CONVENTO<\/p>\n\n\n\n<p>18,30 H TEMPLO SANTO ROSARIO.<\/p>\n\n\n\n<p>19 H TEMPLO MISA.<\/p>\n\n\n\n<p>Por los Enfermos.<\/p>\n\n\n\n<p><strong>MI\u00c9RCOLES <\/strong><strong>2<\/strong><strong>9<\/strong><\/p>\n\n\n\n<p>8,30 H CONVENTO<\/p>\n\n\n\n<p>18,30 H TEMPLO SANTO ROSARIO.<\/p>\n\n\n\n<p>19 H TEMPLO MISA.<\/p>\n\n\n\n<p>Sufragio de Andr\u00e9s, Julia y Familia.<\/p>\n\n\n\n<p><strong>JUEVES 30<\/strong><\/p>\n\n\n\n<p>8,30 H CONVENTO<\/p>\n\n\n\n<p>18 H TEMPLO EXPOSICI\u00d3N DEL SANT\u00cdSIMO<\/p>\n\n\n\n<p>19 H TEMPLO MISA<\/p>\n\n\n\n<p>Sufragio de Dolores, Jose e Hija.<\/p>\n\n\n\n<p><strong>VIERNES <\/strong><strong>31<\/strong><\/p>\n\n\n\n<p>8,30 H CONVENTO<\/p>\n\n\n\n<p>18,30 H TEMPLO VIACRUCIS<\/p>\n\n\n\n<p>19 H TEMPLO MISA<\/p>\n\n\n\n<p><strong>ANIVERSARIO FUNERAL DE CARLOS TRINIDAD DOMENEC.<\/strong><\/p>\n\n\n\n<p><strong>S\u00c1BADO 1<\/strong><\/p>\n\n\n\n<p>8,30 H CONVENTO.<\/p>\n\n\n\n<p><strong>NO HAY EUCARIST\u00cdA VESPERTINA.<\/strong><\/p>\n\n\n\n<p><strong>DOMINGO <\/strong><strong>2 <\/strong><strong>DOMINGO DE RAMOS<\/strong><\/p>\n\n\n\n<p>9 H. CONVENTO.<\/p>\n\n\n\n<p><strong>11,30 H ERMITA SAN VICENTE<\/strong><\/p>\n\n\n\n<p><strong>BENDICI\u00d3N DE RAMOS A CONTINUACI\u00d3N PROCESI\u00d3N DEL DOMINGO DE RAMOS HASTA LA PARROQUIA Y A CONTINUACI\u00d3N CELEBRACI\u00d3N EUCAR\u00cdSTICA.<\/strong><\/p>\n\n\n\n<p><strong>21,30 H VIACRUCIS POR LAS CALLES DE VILLAR<\/strong><\/p>\n","protected":false},"excerpt":{"rendered":"<p>LUNES 27 18,30 H TEMPLO SANTO ROSARIO 19.00 H TEMPLO MISA. Sufragio de Matrimonio Ernesto Salvo y Montserrat Garcia. MARTES 28 8,30 H CONVENTO 18,30 H TEMPLO SANTO ROSARIO. 19 H TEMPLO MISA. Por los Enfermos. MI\u00c9RCOLES 29 8,30 H CONVENTO 18,30 H TEMPLO SANTO ROSARIO. 19 H TEMPLO MISA. Sufragio de Andr\u00e9s, Julia y Familia. JUEVES 30 8,30 H&#8230;<\/p>\n<p> <a class=\"continue-reading-link\" href=\"https:\/\/iglesia-en-villar.es\/blog\/2023\/03\/24\/intenciones-de-misas-30\/\"><span>Leer m\u00e1s<\/span><i class=\"crycon-right-dir\"><\/i><\/a> <\/p>\n","protected":false},"author":53745,"featured_media":0,"comment_status":"open","ping_status":"open","sticky":false,"template":"","format":"standard","meta":{"inline_featured_image":false,"footnotes":""},"categories":[3],"tags":[],"class_list":["post-9589","post","type-post","status-publish","format-standard","hentry","category-intenciones"],"better_featured_image":null,"read":true,"_links":{"self":[{"href":"https:\/\/iglesia-en-villar.es\/blog\/wp-json\/wp\/v2\/posts\/9589","targetHints":{"allow":["GET"]}}],"collection":[{"href":"https:\/\/iglesia-en-villar.es\/blog\/wp-json\/wp\/v2\/posts"}],"about":[{"href":"https:\/\/iglesia-en-villar.es\/blog\/wp-json\/wp\/v2\/types\/post"}],"author":[{"embeddable":true,"href":"https:\/\/iglesia-en-villar.es\/blog\/wp-json\/wp\/v2\/users\/53745"}],"replies":[{"embeddable":true,"href":"https:\/\/iglesia-en-villar.es\/blog\/wp-json\/wp\/v2\/comments?post=9589"}],"version-history":[{"count":1,"href":"https:\/\/iglesia-en-villar.es\/blog\/wp-json\/wp\/v2\/posts\/9589\/revisions"}],"predecessor-version":[{"id":9590,"href":"https:\/\/iglesia-en-villar.es\/blog\/wp-json\/wp\/v2\/posts\/9589\/revisions\/9590"}],"wp:attachment":[{"href":"https:\/\/iglesia-en-villar.es\/blog\/wp-json\/wp\/v2\/media?parent=9589"}],"wp:term":[{"taxonomy":"category","embeddable":true,"href":"https:\/\/iglesia-en-villar.es\/blog\/wp-json\/wp\/v2\/categories?post=9589"},{"taxonomy":"post_tag","embeddable":true,"href":"https:\/\/iglesia-en-villar.es\/blog\/wp-json\/wp\/v2\/tags?post=9589"}],"curies":[{"name":"wp","href":"https:\/\/api.w.org\/{rel}","templated":true}]}}