{"id":9600,"date":"2023-03-31T11:02:26","date_gmt":"2023-03-31T10:02:26","guid":{"rendered":"https:\/\/iglesia-en-villar.es\/blog\/?p=9600"},"modified":"2023-03-31T11:02:27","modified_gmt":"2023-03-31T10:02:27","slug":"avisos-142","status":"publish","type":"post","link":"https:\/\/iglesia-en-villar.es\/blog\/2023\/03\/31\/avisos-142\/","title":{"rendered":"Avisos"},"content":{"rendered":"\n<p class=\"has-text-align-center\"><strong>TURNOS DE VELA ANTE EL MONUMENTO<\/strong><\/p>\n\n\n\n<p><strong>JUEVES SANTO ANE Y AFNE<\/strong><\/p>\n\n\n\n<p><strong>VIERNES SANTO<\/strong><\/p>\n\n\n\n<p><strong>07 A 08 HORAS TIBERIADES Y GOLGOTA<\/strong><\/p>\n\n\n\n<p><strong>08 A 09 HORAS SION Y CARMELO<\/strong><\/p>\n\n\n\n<p><strong>09 A 10 HORAS TABOR Y ARARAT<\/strong><\/p>\n\n\n\n<p><strong>10 A 11 HORAS CARFANAUN Y JERIC\u00d3<\/strong><\/p>\n\n\n\n<p><strong>11 A 12 HORAS BETANIA Y BETSAIDA<\/strong><\/p>\n\n\n\n<p><strong>12 A 13 HORAS SINA\u00cd<\/strong><\/p>\n\n\n\n<p><strong>13 A 14 HORAS EINKAREN Y HOREB<\/strong><\/p>\n\n\n\n<p><strong>14 A 15 HORAS LITURGIA<\/strong><\/p>\n\n\n\n<p><strong>15 A 16 HORAS MAGDALA<\/strong><\/p>\n\n\n\n<p><strong>16 A 17 HORAS NAZARETH Y PASTORAL FAMILIAR<\/strong><\/p>\n\n\n\n<p><strong>17 A 18 HORAS GRV, CONFIRMACI\u00d3N Y JUNIORS.<\/strong><\/p>\n\n\n\n<p class=\"has-text-align-center\"><strong>HORARIOS SEMANA SANTA<\/strong><\/p>\n\n\n\n<p><strong>JUEVES SANTO<\/strong><\/p>\n\n\n\n<p>17,30 H CONVENTO EUCARIST\u00cdA VESPERTINA<\/p>\n\n\n\n<p>DE LA CENA DEL SE\u00d1OR.<\/p>\n\n\n\n<p>19,30 H TEMPLO MISA VESPERTINA DE LA<\/p>\n\n\n\n<p>CENA DEL SE\u00d1OR.<\/p>\n\n\n\n<p>23 H TEMPLO HORA SANTA ANTE EL<\/p>\n\n\n\n<p>MONUMENTO.<\/p>\n\n\n\n<p>DE 00,00 HORAS A 02,00 HORAS VELA ANTE EL<\/p>\n\n\n\n<p>MONUMENTO<\/p>\n\n\n\n<p><strong>VIERNES SANTO<\/strong><\/p>\n\n\n\n<p>8 HORAS TEMPLO LAUDES.<\/p>\n\n\n\n<p>8,30 HORAS SANTO VIACRUCIS POR LAS<\/p>\n\n\n\n<p>CALLES.<\/p>\n\n\n\n<p>16,30 HORAS CONVENTO SANTOS OFICIOS.<\/p>\n\n\n\n<p>18 HORAS TEMPLO SANTOS OFICIOS DE LA<\/p>\n\n\n\n<p>PASI\u00d3N Y MUERTE DEL SE\u00d1OR.<\/p>\n\n\n\n<p>22 HORAS TEMPLO PROCESI\u00d3N DEL SANTO<\/p>\n\n\n\n<p>ENTIERRO.<\/p>\n\n\n\n<p><strong>S\u00c1BADO SANTO<\/strong><\/p>\n\n\n\n<p>10 HORAS TEMPLO REZO LAUDES Y OFICIOS.<\/p>\n\n\n\n<p>20 HORAS CONVENTO SOLEMNE VIGILIA<\/p>\n\n\n\n<p>PASCUAL.<\/p>\n\n\n\n<p>22 HORAS TEMPLO SOLEMNE VIGILIA PASCUAL<\/p>\n\n\n\n<p>ES LA NOCHE GLORIOSA DE LA RESURRECCI\u00d3N<\/p>\n\n\n\n<p>DEL SE\u00d1OR.<\/p>\n\n\n\n<p>00,00 HORAS PALACIO ENCUENTRO FESTIVO<\/p>\n\n\n\n<p>DE LA COMUNIDAD EN EL PALACIO PRELACIAL.<\/p>\n\n\n\n<p><strong>DOMINGO DE LA RESURRECCI\u00d3N DEL SE\u00d1OR<\/strong><\/p>\n\n\n\n<p>9 HORAS. CONVENTO MISA RESURRECCI\u00d3N<\/p>\n\n\n\n<p>DEL SE\u00d1OR.<\/p>\n\n\n\n<p>10,30 HORAS PROCESI\u00d3N DEL ENCUENTRO<\/p>\n\n\n\n<p>GLORIOSO.<\/p>\n\n\n\n<p>A CONTINUACI\u00d3N SOLEMNE EUCARIST\u00cdA EN EL<\/p>\n\n\n\n<p>D\u00cdA DE LA RESURRECCI\u00d3N DEL SE\u00d1OR<\/p>\n","protected":false},"excerpt":{"rendered":"<p>TURNOS DE VELA ANTE EL MONUMENTO JUEVES SANTO ANE Y AFNE VIERNES SANTO 07 A 08 HORAS TIBERIADES Y GOLGOTA 08 A 09 HORAS SION Y CARMELO 09 A 10 HORAS TABOR Y ARARAT 10 A 11 HORAS CARFANAUN Y JERIC\u00d3 11 A 12 HORAS BETANIA Y BETSAIDA 12 A 13 HORAS SINA\u00cd 13 A 14 HORAS EINKAREN Y HOREB&#8230;<\/p>\n<p> <a class=\"continue-reading-link\" href=\"https:\/\/iglesia-en-villar.es\/blog\/2023\/03\/31\/avisos-142\/\"><span>Leer m\u00e1s<\/span><i class=\"crycon-right-dir\"><\/i><\/a> <\/p>\n","protected":false},"author":53745,"featured_media":0,"comment_status":"open","ping_status":"open","sticky":false,"template":"","format":"standard","meta":{"inline_featured_image":false,"footnotes":""},"categories":[10],"tags":[],"class_list":["post-9600","post","type-post","status-publish","format-standard","hentry","category-avisos"],"better_featured_image":null,"read":true,"_links":{"self":[{"href":"https:\/\/iglesia-en-villar.es\/blog\/wp-json\/wp\/v2\/posts\/9600","targetHints":{"allow":["GET"]}}],"collection":[{"href":"https:\/\/iglesia-en-villar.es\/blog\/wp-json\/wp\/v2\/posts"}],"about":[{"href":"https:\/\/iglesia-en-villar.es\/blog\/wp-json\/wp\/v2\/types\/post"}],"author":[{"embeddable":true,"href":"https:\/\/iglesia-en-villar.es\/blog\/wp-json\/wp\/v2\/users\/53745"}],"replies":[{"embeddable":true,"href":"https:\/\/iglesia-en-villar.es\/blog\/wp-json\/wp\/v2\/comments?post=9600"}],"version-history":[{"count":1,"href":"https:\/\/iglesia-en-villar.es\/blog\/wp-json\/wp\/v2\/posts\/9600\/revisions"}],"predecessor-version":[{"id":9601,"href":"https:\/\/iglesia-en-villar.es\/blog\/wp-json\/wp\/v2\/posts\/9600\/revisions\/9601"}],"wp:attachment":[{"href":"https:\/\/iglesia-en-villar.es\/blog\/wp-json\/wp\/v2\/media?parent=9600"}],"wp:term":[{"taxonomy":"category","embeddable":true,"href":"https:\/\/iglesia-en-villar.es\/blog\/wp-json\/wp\/v2\/categories?post=9600"},{"taxonomy":"post_tag","embeddable":true,"href":"https:\/\/iglesia-en-villar.es\/blog\/wp-json\/wp\/v2\/tags?post=9600"}],"curies":[{"name":"wp","href":"https:\/\/api.w.org\/{rel}","templated":true}]}}