{"id":9604,"date":"2023-03-31T11:11:55","date_gmt":"2023-03-31T10:11:55","guid":{"rendered":"https:\/\/iglesia-en-villar.es\/blog\/?p=9604"},"modified":"2023-03-31T11:11:56","modified_gmt":"2023-03-31T10:11:56","slug":"rincon-carmelitano-168","status":"publish","type":"post","link":"https:\/\/iglesia-en-villar.es\/blog\/2023\/03\/31\/rincon-carmelitano-168\/","title":{"rendered":"Rinc\u00f3n Carmelitano"},"content":{"rendered":"\n<p class=\"has-text-align-center\">&nbsp;<strong>IR CONTIGO, JES\u00daS<\/strong><\/p>\n\n\n\n<p>&nbsp;Jes\u00fas no es f\u00e1cil ir contigo en esta hora. Se te ve solo, d\u00e9bil, entristecido. \u00bfQui\u00e9n quiere juntarse a un fracasado cuando se ponen feas las cosas? Hasta tus amigos, te niegan, te abandonan. \u00bfSiempre ha de ser as\u00ed? \u00bfQue a los m\u00e1s d\u00e9biles se le acumule el peso encima ? Pero T\u00fa sigues poniendo a mor en el camino. No vuelves la vista atr\u00e1s. nunca te gust\u00f3 hacerlo. \u00bfEn qu\u00e9 fuente bebes para no abandonar? \u00bfQu\u00e9 fuerza te sostiene en tanta debilidad? \u00bfPor qu\u00e9 sigues apostando por m\u00ed ?<\/p>\n\n\n\n<p>Afrontas la noche celebrando con los tuyos una cena. \u00bfC\u00f3mo es posible? Renuevas tu amistad en tu pan partido, entregado. Nadie te quita la vida, la das t\u00fa, la sigue dando. Los enemigos tienen contadas tus horas, pero t\u00fa contin\u00faas amando. No das a nadie por perdido, tampoco a m\u00ed.<\/p>\n\n\n\n<p>&nbsp; Siempre te gust\u00f3 mirar con detenimiento&nbsp; a la gente, sin dar a nadie por pedido; como si quisieras descubrir tu imagen en los m\u00e1s hondo de cada ser humano. Ahora miras a Pedro por dentro. Conoces sus miedos. Ves a Judas, oscurecido, arrastrado por el v\u00e9rtigo de la nada. Me ves a m\u00ed, venido tantas veces abajo. Nos ves a cada uno. acojo tu mirada como una oportunidad de encontrarme contigo. Me detengo ante ti. Mientras, tu bebes el c\u00e1liz hasta la \u00faltima gota.<\/p>\n\n\n\n<p>&nbsp; \u00bfSer\u00e9 capaz de dejarme cautivar?&nbsp; \u00bfser\u00e9 capaz de decirte que s\u00ed en este d\u00eda ? Me atrevo a confiar en ti, Jes\u00fas. Pongo tu herida de amor en mis heridas. Digo s\u00ed a tu Evangelio, acogido por entero. Digo s\u00ed a tu proyecto de recrear, a fuerza de amor, a la humanidad. Digo s\u00ed al Padre y al Esp\u00edritu Santo levantando contigo al ser humano destruido. Te digo s\u00ed a ti, Jes\u00fas, fiel hasta el final.<\/p>\n\n\n\n<p class=\"has-text-align-right\"><strong>\u00a0 HERMANAS CARMELITAS<\/strong><\/p>\n","protected":false},"excerpt":{"rendered":"<p>&nbsp;IR CONTIGO, JES\u00daS &nbsp;Jes\u00fas no es f\u00e1cil ir contigo en esta hora. Se te ve solo, d\u00e9bil, entristecido. \u00bfQui\u00e9n quiere juntarse a un fracasado cuando se ponen feas las cosas? Hasta tus amigos, te niegan, te abandonan. \u00bfSiempre ha de ser as\u00ed? \u00bfQue a los m\u00e1s d\u00e9biles se le acumule el peso encima ? Pero T\u00fa sigues poniendo a mor&#8230;<\/p>\n<p> <a class=\"continue-reading-link\" href=\"https:\/\/iglesia-en-villar.es\/blog\/2023\/03\/31\/rincon-carmelitano-168\/\"><span>Leer m\u00e1s<\/span><i class=\"crycon-right-dir\"><\/i><\/a> <\/p>\n","protected":false},"author":53745,"featured_media":9608,"comment_status":"open","ping_status":"open","sticky":false,"template":"","format":"standard","meta":{"inline_featured_image":false,"footnotes":""},"categories":[5],"tags":[],"class_list":["post-9604","post","type-post","status-publish","format-standard","has-post-thumbnail","hentry","category-monasterio"],"better_featured_image":{"id":9608,"alt_text":"","caption":"","description":"","media_type":"image","media_details":{"width":248,"height":250,"file":"2023\/03\/202-resurreccion.png","filesize":76370,"sizes":{"thumbnail":{"file":"202-resurreccion-150x150.png","width":150,"height":150,"mime-type":"image\/png","filesize":35561,"source_url":"https:\/\/iglesia-en-villar.es\/blog\/wp-content\/uploads\/2023\/03\/202-resurreccion-150x150.png"},"post-thumbnail":{"file":"202-resurreccion-150x150.png","width":150,"height":150,"mime-type":"image\/png","filesize":35450,"source_url":"https:\/\/iglesia-en-villar.es\/blog\/wp-content\/uploads\/2023\/03\/202-resurreccion-150x150.png"},"header":{"file":"202-resurreccion-248x230.png","width":248,"height":230,"mime-type":"image\/png","filesize":70879,"source_url":"https:\/\/iglesia-en-villar.es\/blog\/wp-content\/uploads\/2023\/03\/202-resurreccion-248x230.png"}},"image_meta":{"aperture":"0","credit":"","camera":"","caption":"","created_timestamp":"0","copyright":"","focal_length":"0","iso":"0","shutter_speed":"0","title":"","orientation":"0","keywords":[]}},"post":null,"source_url":"https:\/\/iglesia-en-villar.es\/blog\/wp-content\/uploads\/2023\/03\/202-resurreccion.png"},"read":true,"_links":{"self":[{"href":"https:\/\/iglesia-en-villar.es\/blog\/wp-json\/wp\/v2\/posts\/9604","targetHints":{"allow":["GET"]}}],"collection":[{"href":"https:\/\/iglesia-en-villar.es\/blog\/wp-json\/wp\/v2\/posts"}],"about":[{"href":"https:\/\/iglesia-en-villar.es\/blog\/wp-json\/wp\/v2\/types\/post"}],"author":[{"embeddable":true,"href":"https:\/\/iglesia-en-villar.es\/blog\/wp-json\/wp\/v2\/users\/53745"}],"replies":[{"embeddable":true,"href":"https:\/\/iglesia-en-villar.es\/blog\/wp-json\/wp\/v2\/comments?post=9604"}],"version-history":[{"count":1,"href":"https:\/\/iglesia-en-villar.es\/blog\/wp-json\/wp\/v2\/posts\/9604\/revisions"}],"predecessor-version":[{"id":9605,"href":"https:\/\/iglesia-en-villar.es\/blog\/wp-json\/wp\/v2\/posts\/9604\/revisions\/9605"}],"wp:featuredmedia":[{"embeddable":true,"href":"https:\/\/iglesia-en-villar.es\/blog\/wp-json\/wp\/v2\/media\/9608"}],"wp:attachment":[{"href":"https:\/\/iglesia-en-villar.es\/blog\/wp-json\/wp\/v2\/media?parent=9604"}],"wp:term":[{"taxonomy":"category","embeddable":true,"href":"https:\/\/iglesia-en-villar.es\/blog\/wp-json\/wp\/v2\/categories?post=9604"},{"taxonomy":"post_tag","embeddable":true,"href":"https:\/\/iglesia-en-villar.es\/blog\/wp-json\/wp\/v2\/tags?post=9604"}],"curies":[{"name":"wp","href":"https:\/\/api.w.org\/{rel}","templated":true}]}}