{"id":9606,"date":"2023-03-31T11:14:56","date_gmt":"2023-03-31T10:14:56","guid":{"rendered":"https:\/\/iglesia-en-villar.es\/blog\/?p=9606"},"modified":"2023-03-31T11:15:51","modified_gmt":"2023-03-31T10:15:51","slug":"editorial-160","status":"publish","type":"post","link":"https:\/\/iglesia-en-villar.es\/blog\/2023\/03\/31\/editorial-160\/","title":{"rendered":"Editorial"},"content":{"rendered":"\n<h2 class=\"wp-block-heading has-text-align-center\"><strong>BENDITO EL QUE VIENE\u2026HOSANNA<\/strong><\/h2>\n\n\n\n<p><a><\/a> \u00ab\u00a1Viva el Hijo de David! \u00a1Bendito el que viene en nombre del Se\u00f1or!&#8230; Viva el Alt\u00edsimo\u00bb. El Domingo de Ramos es el d\u00eda en el que Jes\u00fas entra en Jerusal\u00e9n, dispuesto a entregar su vida por amor, para la redenci\u00f3n de la humanidad creada, es el d\u00eda que la liturgia recuerda una semana antes de la Pascua.<\/p>\n\n\n\n<p>\u00a1He aqu\u00ed que la gran muchedumbre se extiende&nbsp;<em>a trav\u00e9s de las naciones y los continentes!<\/em>&nbsp;Esta muchedumbre est\u00e1 en torno a Cristo, mientras entra en Jerusal\u00e9n, mientras va al encuentro de su \u00abhora\u00bb. Mientras se acerca a su misterio pascual.<\/p>\n\n\n\n<p>Jes\u00fas de Nazaret hizo&nbsp;<em>s\u00f3lo una vez<\/em>&nbsp;su ingreso solemne&nbsp;<em>en Jerusal\u00e9n para la Pascua<\/em>. Y s\u00f3lo una vez se cumpli\u00f3 lo que los pr\u00f3ximos d\u00edas confirmar\u00e1n. Pero, al mismo tiempo,&nbsp;<em>El permanece en esta su venida<\/em>. Y ha escrito en la historia de la humanidad,&nbsp;<em>una vez para siempre<\/em>, lo que proclama san Pablo en la ep\u00edstola a los filipenses. Jesucristo \u2014el Hijo de Dios de la misma sustancia del Padre\u2014 se humill\u00f3 como hombre&#8230;, se despoj\u00f3 de su rango, aceptando la muerte en la cruz, que, humanamente hablando, es el mayor oprobio. En ese despojo Jesucristo fue exaltado por encima de todo. Dios mismo lo exalt\u00f3&nbsp;<em>y uni\u00f3 la exaltaci\u00f3n del Hijo a la de la historia del hombre y del mundo<\/em>.<\/p>\n\n\n\n<p>En \u00c9l la historia del hombre y del mundo tienen una medida divina. \u00abJesucristo es el Se\u00f1or para gloria de Dios Padre\u201d. Todos nosotros, que entramos con Cristo en Jerusal\u00e9n,&nbsp;<em>profesamos, anunciamos y proclamamos<\/em>&nbsp;el misterio pascual de Cristo que perdura. Perdura en la Iglesia y, mediante la Iglesia, en la humanidad y en el mundo. Profesamos, anunciamos y proclamamos&nbsp;<em>el misterio de esta humillaci\u00f3n, que exalta, y de este despojo, que da la vida eterna<\/em>.<\/p>\n\n\n\n<p>En este misterio \u2014en el misterio pascual de Cristo\u2014&nbsp;<em>Dios se ha revelado plenamente<\/em>. Dios que es amor. Y en este misterio \u2014en el misterio pascual de Cristo\u2014&nbsp;<em>el hombre ha sido revelado plenamente<\/em>. Cristo ha revelado basta el fondo el hombre al hombre, y le ha dado a conocer su alt\u00edsima vocaci\u00f3n. Efectivamente,&nbsp;<em>el hombre existe entre el l\u00edmite de la humillaci\u00f3n y del despojo a trav\u00e9s de la muerte y el del insuprimible deseo de la exaltaci\u00f3n, de la dignidad y de la gloria<\/em>. Esa es&nbsp;<em>la medida del ser humano<\/em>. Esa es la dimensi\u00f3n de sus exigencias terrenas. Ese es el sentido de su irrenunciable dignidad y el fundamento de todos sus derechos.<\/p>\n\n\n\n<p>En el misterio pascual&nbsp;<em>Cristo entra en esta medida&nbsp;<\/em>del ser humano. Abraza toda esta dimensi\u00f3n de la existencia humana. La toma toda en s\u00ed. La confirma. Y al mismo tiempo la supera. Cuando entra en Jerusal\u00e9n, \u00c9l va al encuentro del propio&nbsp;<em>sufrimiento<\/em>&nbsp;\u2014y al mismo tiempo, va al encuentro del sufrimiento de todos los hombres\u2014 para revelar no tanto la miseria de ese sufrimiento cuanto m\u00e1s bien su poder redentor. Cuando entra en Jerusal\u00e9n, \u00c9l va al encuentro&nbsp;<em>de la exaltaci\u00f3n<\/em>&nbsp;que, en \u00c9l, el Padre ofrece a todos los hombres. \u00abYo soy la resurrecci\u00f3n y la vida; el que cree en m\u00ed, aunque muera, vivir\u00e1\u00bb.<\/p>\n\n\n\n<p>As\u00ed, pues, entramos con Cristo, en Jerusal\u00e9n. \u00abBendito el que viene en nombre del Se\u00f1or\u00bb. <em>Caminando junto con El, somos la Iglesia<\/em>&nbsp;que peregrina en Valencia, que peregrina en Villar del Arzobispo. Todos llevamos en nosotros a Cristo, que es \u00abla vid\u00bb, de la que germina la historia del hombre y del mundo. A Cristo, que es la perenne levadura de la nueva vida en Dios&#8230;Bendito el que viene&#8230; \u00a1Hosanna!<\/p>\n","protected":false},"excerpt":{"rendered":"<p>BENDITO EL QUE VIENE\u2026HOSANNA \u00ab\u00a1Viva el Hijo de David! \u00a1Bendito el que viene en nombre del Se\u00f1or!&#8230; Viva el Alt\u00edsimo\u00bb. El Domingo de Ramos es el d\u00eda en el que Jes\u00fas entra en Jerusal\u00e9n, dispuesto a entregar su vida por amor, para la redenci\u00f3n de la humanidad creada, es el d\u00eda que la liturgia recuerda una semana antes de la&#8230;<\/p>\n<p> <a class=\"continue-reading-link\" href=\"https:\/\/iglesia-en-villar.es\/blog\/2023\/03\/31\/editorial-160\/\"><span>Leer m\u00e1s<\/span><i class=\"crycon-right-dir\"><\/i><\/a> <\/p>\n","protected":false},"author":53745,"featured_media":9609,"comment_status":"open","ping_status":"open","sticky":false,"template":"","format":"standard","meta":{"inline_featured_image":false,"footnotes":""},"categories":[13],"tags":[],"class_list":["post-9606","post","type-post","status-publish","format-standard","has-post-thumbnail","hentry","category-editorial"],"better_featured_image":{"id":9609,"alt_text":"","caption":"","description":"","media_type":"image","media_details":{"width":190,"height":265,"file":"2023\/03\/aa9b95d9-6984-449c-b7c3-b065882c12a5.jpg","filesize":24420,"sizes":{"thumbnail":{"file":"aa9b95d9-6984-449c-b7c3-b065882c12a5-150x150.jpg","width":150,"height":150,"mime-type":"image\/jpeg","filesize":9998,"source_url":"https:\/\/iglesia-en-villar.es\/blog\/wp-content\/uploads\/2023\/03\/aa9b95d9-6984-449c-b7c3-b065882c12a5-150x150.jpg"},"post-thumbnail":{"file":"aa9b95d9-6984-449c-b7c3-b065882c12a5-108x150.jpg","width":108,"height":150,"mime-type":"image\/jpeg","filesize":7251,"source_url":"https:\/\/iglesia-en-villar.es\/blog\/wp-content\/uploads\/2023\/03\/aa9b95d9-6984-449c-b7c3-b065882c12a5-108x150.jpg"},"header":{"file":"aa9b95d9-6984-449c-b7c3-b065882c12a5-190x230.jpg","width":190,"height":230,"mime-type":"image\/jpeg","filesize":20666,"source_url":"https:\/\/iglesia-en-villar.es\/blog\/wp-content\/uploads\/2023\/03\/aa9b95d9-6984-449c-b7c3-b065882c12a5-190x230.jpg"}},"image_meta":{"aperture":"0","credit":"","camera":"","caption":"","created_timestamp":"0","copyright":"","focal_length":"0","iso":"0","shutter_speed":"0","title":"","orientation":"0","keywords":[]}},"post":null,"source_url":"https:\/\/iglesia-en-villar.es\/blog\/wp-content\/uploads\/2023\/03\/aa9b95d9-6984-449c-b7c3-b065882c12a5.jpg"},"read":true,"_links":{"self":[{"href":"https:\/\/iglesia-en-villar.es\/blog\/wp-json\/wp\/v2\/posts\/9606","targetHints":{"allow":["GET"]}}],"collection":[{"href":"https:\/\/iglesia-en-villar.es\/blog\/wp-json\/wp\/v2\/posts"}],"about":[{"href":"https:\/\/iglesia-en-villar.es\/blog\/wp-json\/wp\/v2\/types\/post"}],"author":[{"embeddable":true,"href":"https:\/\/iglesia-en-villar.es\/blog\/wp-json\/wp\/v2\/users\/53745"}],"replies":[{"embeddable":true,"href":"https:\/\/iglesia-en-villar.es\/blog\/wp-json\/wp\/v2\/comments?post=9606"}],"version-history":[{"count":1,"href":"https:\/\/iglesia-en-villar.es\/blog\/wp-json\/wp\/v2\/posts\/9606\/revisions"}],"predecessor-version":[{"id":9607,"href":"https:\/\/iglesia-en-villar.es\/blog\/wp-json\/wp\/v2\/posts\/9606\/revisions\/9607"}],"wp:featuredmedia":[{"embeddable":true,"href":"https:\/\/iglesia-en-villar.es\/blog\/wp-json\/wp\/v2\/media\/9609"}],"wp:attachment":[{"href":"https:\/\/iglesia-en-villar.es\/blog\/wp-json\/wp\/v2\/media?parent=9606"}],"wp:term":[{"taxonomy":"category","embeddable":true,"href":"https:\/\/iglesia-en-villar.es\/blog\/wp-json\/wp\/v2\/categories?post=9606"},{"taxonomy":"post_tag","embeddable":true,"href":"https:\/\/iglesia-en-villar.es\/blog\/wp-json\/wp\/v2\/tags?post=9606"}],"curies":[{"name":"wp","href":"https:\/\/api.w.org\/{rel}","templated":true}]}}