{"id":9613,"date":"2023-04-05T17:04:57","date_gmt":"2023-04-05T16:04:57","guid":{"rendered":"https:\/\/iglesia-en-villar.es\/blog\/?p=9613"},"modified":"2023-04-05T17:05:37","modified_gmt":"2023-04-05T16:05:37","slug":"avisos-143","status":"publish","type":"post","link":"https:\/\/iglesia-en-villar.es\/blog\/2023\/04\/05\/avisos-143\/","title":{"rendered":"Avisos"},"content":{"rendered":"\n<p><strong>MODIFICACI\u00d3N HORARIOS PARA LA SEMANA DE LA OCTAVA DE PASCUA.<\/strong><\/p>\n\n\n\n<p>Lunes dia 10 de Abril de la Octava de Pascual la misa sera a las 10,30 horas.<\/p>\n\n\n\n<p>Martes 11, Mi\u00e9rcoles 12 y Jueves 13 de Abril no habr\u00e1 Eucarist\u00eda. Se har\u00e1 la CELEBRACI\u00d3N DE LA PALABRA en la Parroquia en el horario habitual de 19 Horas.<\/p>\n\n\n\n<p>VIERNES 14, S\u00c1BADO 15 Y DOMINGO 16 de Abril, se celebrara la eucarist\u00eda en el horario habitual en el Templo.<\/p>\n\n\n\n<p>Se podr\u00e1 asistir a la Eucarist\u00eda en el Convento de las Hermanas Carmelitas a la 8,30 Horas.<\/p>\n\n\n\n<p><em><u><strong>LAS INTENCIONES DEL MARTES, MI\u00c9RCOLES Y JUEVES SE OFRECER\u00c1 EN LA EUCARIST\u00cdA DEL CONVENTO DE LAS HERMANAS CARMELITAS.<\/strong><\/u><\/em><\/p>\n","protected":false},"excerpt":{"rendered":"<p>MODIFICACI\u00d3N HORARIOS PARA LA SEMANA DE LA OCTAVA DE PASCUA. Lunes dia 10 de Abril de la Octava de Pascual la misa sera a las 10,30 horas. Martes 11, Mi\u00e9rcoles 12 y Jueves 13 de Abril no habr\u00e1 Eucarist\u00eda. Se har\u00e1 la CELEBRACI\u00d3N DE LA PALABRA en la Parroquia en el horario habitual de 19 Horas. VIERNES 14, S\u00c1BADO 15&#8230;<\/p>\n<p> <a class=\"continue-reading-link\" href=\"https:\/\/iglesia-en-villar.es\/blog\/2023\/04\/05\/avisos-143\/\"><span>Leer m\u00e1s<\/span><i class=\"crycon-right-dir\"><\/i><\/a> <\/p>\n","protected":false},"author":53745,"featured_media":0,"comment_status":"open","ping_status":"open","sticky":false,"template":"","format":"standard","meta":{"inline_featured_image":false,"footnotes":""},"categories":[10,1],"tags":[],"class_list":["post-9613","post","type-post","status-publish","format-standard","hentry","category-avisos","category-sin-categoria"],"better_featured_image":null,"read":true,"_links":{"self":[{"href":"https:\/\/iglesia-en-villar.es\/blog\/wp-json\/wp\/v2\/posts\/9613","targetHints":{"allow":["GET"]}}],"collection":[{"href":"https:\/\/iglesia-en-villar.es\/blog\/wp-json\/wp\/v2\/posts"}],"about":[{"href":"https:\/\/iglesia-en-villar.es\/blog\/wp-json\/wp\/v2\/types\/post"}],"author":[{"embeddable":true,"href":"https:\/\/iglesia-en-villar.es\/blog\/wp-json\/wp\/v2\/users\/53745"}],"replies":[{"embeddable":true,"href":"https:\/\/iglesia-en-villar.es\/blog\/wp-json\/wp\/v2\/comments?post=9613"}],"version-history":[{"count":1,"href":"https:\/\/iglesia-en-villar.es\/blog\/wp-json\/wp\/v2\/posts\/9613\/revisions"}],"predecessor-version":[{"id":9614,"href":"https:\/\/iglesia-en-villar.es\/blog\/wp-json\/wp\/v2\/posts\/9613\/revisions\/9614"}],"wp:attachment":[{"href":"https:\/\/iglesia-en-villar.es\/blog\/wp-json\/wp\/v2\/media?parent=9613"}],"wp:term":[{"taxonomy":"category","embeddable":true,"href":"https:\/\/iglesia-en-villar.es\/blog\/wp-json\/wp\/v2\/categories?post=9613"},{"taxonomy":"post_tag","embeddable":true,"href":"https:\/\/iglesia-en-villar.es\/blog\/wp-json\/wp\/v2\/tags?post=9613"}],"curies":[{"name":"wp","href":"https:\/\/api.w.org\/{rel}","templated":true}]}}