{"id":9838,"date":"2023-08-03T18:50:35","date_gmt":"2023-08-03T17:50:35","guid":{"rendered":"https:\/\/iglesia-en-villar.es\/blog\/?p=9838"},"modified":"2023-08-03T18:50:38","modified_gmt":"2023-08-03T17:50:38","slug":"intenciones-de-misa-156","status":"publish","type":"post","link":"https:\/\/iglesia-en-villar.es\/blog\/2023\/08\/03\/intenciones-de-misa-156\/","title":{"rendered":"Intenciones de Misa"},"content":{"rendered":"\n<p><strong>LUNES <\/strong><strong>7<\/strong><\/p>\n\n\n\n<p>19,30 H TEMPLO SANTO ROSARIO<\/p>\n\n\n\n<p>20 H TEMPLO MISA.<\/p>\n\n\n\n<p>Ildefonsa Tortajada Ib\u00e1\u00f1ez y Padres \u2013 Cayetano L\u00f3pez Contel \u2013 Acci\u00f3n de Gracias de una devota.<\/p>\n\n\n\n<p><strong>MARTES <\/strong><strong>8<\/strong><\/p>\n\n\n\n<p>8,30 H CONVENTO<\/p>\n\n\n\n<p>19,30 H TEMPLO SANTO ROSARIO<\/p>\n\n\n\n<p>20 H TEMPLO MISA<\/p>\n\n\n\n<p>Por los Enfermos. Sufragio de Trinidad, Pepe e hijo \u2013 Acci\u00f3n de Gracias a la Virgen de la Paz de Pilar.<\/p>\n\n\n\n<p><strong>MI\u00c9RCOLES <\/strong><strong>9<\/strong><\/p>\n\n\n\n<p>8,30 H CONVENTO<\/p>\n\n\n\n<p>10 H TEMPLO MISA CON LAUDES.<\/p>\n\n\n\n<p>A Nuestra Se\u00f1ora del Sagrado Corazon y la Virgen de la Paz.<\/p>\n\n\n\n<p><strong>JUEVES 10<\/strong><\/p>\n\n\n\n<p>8,30 H CONVENTO<\/p>\n\n\n\n<p>10 H TEMPLO MISA CON LAUDES.<\/p>\n\n\n\n<p>Sufragio de Miguel Silvestre y Concha Balaguer.<\/p>\n\n\n\n<p><strong>VIERNES <\/strong><strong>11<\/strong><\/p>\n\n\n\n<p>8,30 H CONVENTO<\/p>\n\n\n\n<p>19,30 H TEMPLO SANTO ROSARIO<\/p>\n\n\n\n<p>20 H TEMPLO MISA.<\/p>\n\n\n\n<p>Sufragio de Vicente, Pepe, Antonio y Ramona \u2013 Primer Aniversario de Adriano Biffi.<\/p>\n\n\n\n<p><strong>S\u00c1BADO 12 PRIMER D\u00cdA DE TRIDUO<\/strong><\/p>\n\n\n\n<p>8,30 H CONVENTO.<\/p>\n\n\n\n<p>19,30 H TEMPLO SANTO ROSARIO.<\/p>\n\n\n\n<p>20 H TEMPLO MISA<\/p>\n\n\n\n<p>Sufragio de: Fernando Montero Castellano \u2013 Ana Bel\u00e9n Adri\u00e1n Serra de su Familia \u2013 Difuntos de Angeles Miralles \u2013 Difuntos de Carmen Tortajada.<\/p>\n\n\n\n<p><strong>DOMINGO <\/strong><strong>13 SEGUNDO D\u00cdA DE TRIDUO<\/strong><\/p>\n\n\n\n<p>9 H. CONVENTO.<\/p>\n\n\n\n<p>10,30 H TEMPLO<\/p>\n\n\n\n<p>La Cofrad\u00eda a San Antonio \u2013 Ana Bel\u00e9n Adri\u00e1n Serra de una compa\u00f1era \u2013 Manuel P\u00e9rez y Sobrino.<\/p>\n\n\n\n<p><strong>18,30 H OFENDA DE FLORES A SAN ROQUE.<\/strong><\/p>\n","protected":false},"excerpt":{"rendered":"<p>LUNES 7 19,30 H TEMPLO SANTO ROSARIO 20 H TEMPLO MISA. Ildefonsa Tortajada Ib\u00e1\u00f1ez y Padres \u2013 Cayetano L\u00f3pez Contel \u2013 Acci\u00f3n de Gracias de una devota. MARTES 8 8,30 H CONVENTO 19,30 H TEMPLO SANTO ROSARIO 20 H TEMPLO MISA Por los Enfermos. Sufragio de Trinidad, Pepe e hijo \u2013 Acci\u00f3n de Gracias a la Virgen de la Paz&#8230;<\/p>\n<p> <a class=\"continue-reading-link\" href=\"https:\/\/iglesia-en-villar.es\/blog\/2023\/08\/03\/intenciones-de-misa-156\/\"><span>Leer m\u00e1s<\/span><i class=\"crycon-right-dir\"><\/i><\/a> <\/p>\n","protected":false},"author":53745,"featured_media":0,"comment_status":"open","ping_status":"open","sticky":false,"template":"","format":"standard","meta":{"inline_featured_image":false,"footnotes":""},"categories":[3],"tags":[],"class_list":["post-9838","post","type-post","status-publish","format-standard","hentry","category-intenciones"],"better_featured_image":null,"read":true,"_links":{"self":[{"href":"https:\/\/iglesia-en-villar.es\/blog\/wp-json\/wp\/v2\/posts\/9838","targetHints":{"allow":["GET"]}}],"collection":[{"href":"https:\/\/iglesia-en-villar.es\/blog\/wp-json\/wp\/v2\/posts"}],"about":[{"href":"https:\/\/iglesia-en-villar.es\/blog\/wp-json\/wp\/v2\/types\/post"}],"author":[{"embeddable":true,"href":"https:\/\/iglesia-en-villar.es\/blog\/wp-json\/wp\/v2\/users\/53745"}],"replies":[{"embeddable":true,"href":"https:\/\/iglesia-en-villar.es\/blog\/wp-json\/wp\/v2\/comments?post=9838"}],"version-history":[{"count":1,"href":"https:\/\/iglesia-en-villar.es\/blog\/wp-json\/wp\/v2\/posts\/9838\/revisions"}],"predecessor-version":[{"id":9839,"href":"https:\/\/iglesia-en-villar.es\/blog\/wp-json\/wp\/v2\/posts\/9838\/revisions\/9839"}],"wp:attachment":[{"href":"https:\/\/iglesia-en-villar.es\/blog\/wp-json\/wp\/v2\/media?parent=9838"}],"wp:term":[{"taxonomy":"category","embeddable":true,"href":"https:\/\/iglesia-en-villar.es\/blog\/wp-json\/wp\/v2\/categories?post=9838"},{"taxonomy":"post_tag","embeddable":true,"href":"https:\/\/iglesia-en-villar.es\/blog\/wp-json\/wp\/v2\/tags?post=9838"}],"curies":[{"name":"wp","href":"https:\/\/api.w.org\/{rel}","templated":true}]}}